{"id":270,"date":"2008-10-11T15:57:45","date_gmt":"2008-10-11T13:57:45","guid":{"rendered":"http:\/\/www.choye.net\/?p=270"},"modified":"2009-03-27T10:17:20","modified_gmt":"2009-03-27T09:17:20","slug":"conseil-municipal-du-6-octobre-2008","status":"publish","type":"post","link":"http:\/\/www.choye.fr\/?p=270","title":{"rendered":"Conseil municipal du 6 octobre 2008"},"content":{"rendered":"<p><a href=\"http:\/\/www.choye.fr\/wp-content\/uploads\/2008\/09\/entreemairie.jpg\"><img decoding=\"async\" loading=\"lazy\" class=\"alignleft size-thumbnail wp-image-221\" title=\"entreemairie\" src=\"http:\/\/www.choye.fr\/wp-content\/uploads\/2008\/09\/entreemairie-120x90.jpg\" alt=\"\" width=\"120\" height=\"90\" \/><\/a><strong>Lotissement, financement <\/strong><\/p>\n<p>Les travaux avancent comme pr\u00e9vus pour une livraison des parcelles d\u00e9but 2009. Apr\u00e8s nouvelle consultation des banques, le conseil municipal a autoris\u00e9 le maire \u00e0 signer le contrat d&#8217;emprunt relais avec l&rsquo;\u00e9tablissement qui a propos\u00e9 le taux le moins \u00e9lev\u00e9. Les 450 000 \u20ac ainsi emprunt\u00e9s permettront, en compl\u00e9ment des subventions, de fiancer les travaux. Ils seront rembours\u00e9s par les recettes per\u00e7ues par la commune au moment de la vente des parcelles du lotissement qui ne co\u00fbtera rien au budget communal.<!--more--><\/p>\n<p><strong>Branchements assainissement, rue du Chatelet <\/strong><\/p>\n<p>Des pr\u00e9cisions seront demand\u00e9es aux riverains et \u00e0 l&rsquo;entreprise qui a \u00e9tabli un devis pour les travaux avant de r\u00e9examiner la question au prochain conseil municipal.<\/p>\n<p><strong>Projet d&rsquo;am\u00e9nagement d&rsquo;un g\u00eete de groupe et d&rsquo;un h\u00e9bergement h\u00f4telier d&rsquo;entreprise dans le b\u00e2timent du ch\u00e2teau de Choye <\/strong><\/p>\n<p>L&rsquo;Association Franco-Suisse l&rsquo;Amiti\u00e9 est propri\u00e9taire des locaux du ch\u00e2teau de Choye construit en 1750 par l&rsquo;architecte Nicolas NICOLE. Ces locaux n&rsquo;\u00e9tant pas fonctionnels, l&rsquo;IMP les a abandonn\u00e9s progressivement pour s&rsquo;installer dans des b\u00e2timents r\u00e9alis\u00e9s \u00e0 proximit\u00e9.<\/p>\n<p>L&rsquo;Association Franco-Suisse l&rsquo;Amiti\u00e9 et la commune de Choye souhaitent r\u00e9aliser ensemble, dans des conditions juridiques et financi\u00e8res \u00e0 d\u00e9terminer, un projet d&rsquo;am\u00e9nagement d&rsquo;un g\u00eete de groupe et d&rsquo;un h\u00e9bergement h\u00f4telier d&rsquo;entreprises dans les locaux historiques du ch\u00e2teau.<\/p>\n<p>A cet effet, il est indispensable de r\u00e9aliser une \u00e9tude pr\u00e9alable de faisabilit\u00e9 technique et financi\u00e8re du projet en collaboration avec Sem Destination 70 (Agence de d\u00e9veloppement touristique de la Haute-Sa\u00f4ne), qui \u00e9tudiera des simulations financi\u00e8res pour mener \u00e0 bien ce projet et assistera les ma\u00eetres d&rsquo;ouvrage pour solliciter les subventions aupr\u00e8s des collectivit\u00e9s.<\/p>\n<p><strong>Projet Mairie <\/strong><\/p>\n<p>La commission s\u00e9curit\u00e9 et accessibilit\u00e9 de la pr\u00e9fecture a donn\u00e9 un avis favorable et le permis de construire a \u00e9t\u00e9 accord\u00e9.<\/p>\n<p><strong>Affouage <\/strong><\/p>\n<p>Les inscriptions sont closes et la liste des b\u00e9n\u00e9ficiaires a \u00e9t\u00e9 \u00e9tablie conform\u00e9ment au r\u00e8glement adopt\u00e9 par le conseil municipal.<\/p>\n<p><strong>B\u00e2timent pr\u00e9c\u00e9demment occup\u00e9 par La Poste <\/strong><\/p>\n<p>Le conseil municipal a approuv\u00e9 les devis relatifs aux travaux \u00e0 entreprendre pour r\u00e9nover le logement.<\/p>\n<p><strong>Immeuble mena\u00e7ant ruines, 15 Grande rue <\/strong><\/p>\n<p>Le conseil municipal a autoris\u00e9 le maire \u00e0 prendre toutes les dispositions n\u00e9cessaires pour engager une proc\u00e9dure adapt\u00e9e \u00e0 la situation.<\/p>\n<p><strong>Sch\u00e9ma de desserte foresti\u00e8re <\/strong><\/p>\n<p>Le conseil municipal est inform\u00e9 de projet de sch\u00e9ma de desserte foresti\u00e8re \u00e9labor\u00e9 par les services de l&rsquo;ONF. Cinq aires de retournement seront \u00e0 r\u00e9aliser par la commune au cours des prochaines ann\u00e9es pour am\u00e9liorer la circulation des grumiers.<\/p>\n<p><strong>Communaut\u00e9 de communes <\/strong><\/p>\n<p>Le conseil municipal a approuv\u00e9 la modification des statuts de la communaut\u00e9 de communes pour lui permettre de d\u00e9velopper un projet de protection et de mise en valeur des pelouses s\u00e8ches des Monts de Gy. Par ailleurs, il s&rsquo;est prononc\u00e9 en faveur de l&rsquo;adh\u00e9sion des communes de Fresnes-Saint-Mam\u00e8s, Greucourt, Velleclaire et Vezet \u00e0 la communaut\u00e9 de communes des Monts de Gy.<\/p>\n","protected":false},"excerpt":{"rendered":"<p>Lotissement, financement Les travaux avancent comme pr\u00e9vus pour une livraison des parcelles d\u00e9but 2009. Apr\u00e8s nouvelle consultation des banques, le conseil municipal a autoris\u00e9 le maire \u00e0 signer le contrat d&#8217;emprunt relais avec l&rsquo;\u00e9tablissement qui a propos\u00e9 le taux le &hellip; <a href=\"http:\/\/www.choye.fr\/?p=270\">Continuer la lecture <span class=\"meta-nav\">&rarr;<\/span><\/a><\/p>\n","protected":false},"author":258,"featured_media":0,"comment_status":"open","ping_status":"open","sticky":false,"template":"","format":"standard","meta":{"ngg_post_thumbnail":0},"categories":[30,11],"tags":[],"post_mailing_queue_ids":[],"_links":{"self":[{"href":"http:\/\/www.choye.fr\/index.php?rest_route=\/wp\/v2\/posts\/270"}],"collection":[{"href":"http:\/\/www.choye.fr\/index.php?rest_route=\/wp\/v2\/posts"}],"about":[{"href":"http:\/\/www.choye.fr\/index.php?rest_route=\/wp\/v2\/types\/post"}],"author":[{"embeddable":true,"href":"http:\/\/www.choye.fr\/index.php?rest_route=\/wp\/v2\/users\/258"}],"replies":[{"embeddable":true,"href":"http:\/\/www.choye.fr\/index.php?rest_route=%2Fwp%2Fv2%2Fcomments&post=270"}],"version-history":[{"count":4,"href":"http:\/\/www.choye.fr\/index.php?rest_route=\/wp\/v2\/posts\/270\/revisions"}],"predecessor-version":[{"id":714,"href":"http:\/\/www.choye.fr\/index.php?rest_route=\/wp\/v2\/posts\/270\/revisions\/714"}],"wp:attachment":[{"href":"http:\/\/www.choye.fr\/index.php?rest_route=%2Fwp%2Fv2%2Fmedia&parent=270"}],"wp:term":[{"taxonomy":"category","embeddable":true,"href":"http:\/\/www.choye.fr\/index.php?rest_route=%2Fwp%2Fv2%2Fcategories&post=270"},{"taxonomy":"post_tag","embeddable":true,"href":"http:\/\/www.choye.fr\/index.php?rest_route=%2Fwp%2Fv2%2Ftags&post=270"}],"curies":[{"name":"wp","href":"https:\/\/api.w.org\/{rel}","templated":true}]}}