{"id":2648,"date":"2013-07-02T07:54:29","date_gmt":"2013-07-02T06:54:29","guid":{"rendered":"http:\/\/www.choye.fr\/?p=2648"},"modified":"2013-07-28T15:28:54","modified_gmt":"2013-07-28T14:28:54","slug":"fete-de-choye-2","status":"publish","type":"post","link":"http:\/\/www.choye.fr\/?p=2648","title":{"rendered":"F\u00eate de Choye"},"content":{"rendered":"<p style=\"text-align: justify;\"><a href=\"http:\/\/www.choye.fr\/wp-content\/uploads\/2011\/07\/fete-de-choye.jpg\"><img decoding=\"async\" loading=\"lazy\" class=\"alignleft size-thumbnail wp-image-2649\" title=\"fete-de-choye\" src=\"http:\/\/www.choye.fr\/wp-content\/uploads\/2011\/07\/fete-de-choye-120x90.jpg\" alt=\"\" width=\"120\" height=\"90\" srcset=\"http:\/\/www.choye.fr\/wp-content\/uploads\/2011\/07\/fete-de-choye-120x90.jpg 120w, http:\/\/www.choye.fr\/wp-content\/uploads\/2011\/07\/fete-de-choye-300x225.jpg 300w, http:\/\/www.choye.fr\/wp-content\/uploads\/2011\/07\/fete-de-choye.jpg 448w\" sizes=\"(max-width: 120px) 100vw, 120px\" \/><\/a>C&rsquo;\u00e9tait presque redevenu une habitude et c&rsquo;\u00e9tait une satisfaction de revoir, chaque \u00e9t\u00e9, des man\u00e8ges Place de Coligny. Toutefois, suite au d\u00e9c\u00e8s de son principal commer\u00e7ant forain, la traditionnelle f\u00eate du dernier dimanche de juillet, relanc\u00e9e en 2010, n&rsquo;aura pas lieu cette ann\u00e9e.<\/p>\n","protected":false},"excerpt":{"rendered":"<p>C&rsquo;\u00e9tait presque redevenu une habitude et c&rsquo;\u00e9tait une satisfaction de revoir, chaque \u00e9t\u00e9, des man\u00e8ges Place de Coligny. Toutefois, suite au d\u00e9c\u00e8s de son principal commer\u00e7ant forain, la traditionnelle f\u00eate du dernier dimanche de juillet, relanc\u00e9e en 2010, n&rsquo;aura pas &hellip; <a href=\"http:\/\/www.choye.fr\/?p=2648\">Continuer la lecture <span class=\"meta-nav\">&rarr;<\/span><\/a><\/p>\n","protected":false},"author":258,"featured_media":0,"comment_status":"open","ping_status":"open","sticky":false,"template":"","format":"standard","meta":{"ngg_post_thumbnail":0},"categories":[3],"tags":[],"post_mailing_queue_ids":[],"_links":{"self":[{"href":"http:\/\/www.choye.fr\/index.php?rest_route=\/wp\/v2\/posts\/2648"}],"collection":[{"href":"http:\/\/www.choye.fr\/index.php?rest_route=\/wp\/v2\/posts"}],"about":[{"href":"http:\/\/www.choye.fr\/index.php?rest_route=\/wp\/v2\/types\/post"}],"author":[{"embeddable":true,"href":"http:\/\/www.choye.fr\/index.php?rest_route=\/wp\/v2\/users\/258"}],"replies":[{"embeddable":true,"href":"http:\/\/www.choye.fr\/index.php?rest_route=%2Fwp%2Fv2%2Fcomments&post=2648"}],"version-history":[{"count":13,"href":"http:\/\/www.choye.fr\/index.php?rest_route=\/wp\/v2\/posts\/2648\/revisions"}],"predecessor-version":[{"id":3769,"href":"http:\/\/www.choye.fr\/index.php?rest_route=\/wp\/v2\/posts\/2648\/revisions\/3769"}],"wp:attachment":[{"href":"http:\/\/www.choye.fr\/index.php?rest_route=%2Fwp%2Fv2%2Fmedia&parent=2648"}],"wp:term":[{"taxonomy":"category","embeddable":true,"href":"http:\/\/www.choye.fr\/index.php?rest_route=%2Fwp%2Fv2%2Fcategories&post=2648"},{"taxonomy":"post_tag","embeddable":true,"href":"http:\/\/www.choye.fr\/index.php?rest_route=%2Fwp%2Fv2%2Ftags&post=2648"}],"curies":[{"name":"wp","href":"https:\/\/api.w.org\/{rel}","templated":true}]}}