{"id":2574,"date":"2011-06-22T14:14:54","date_gmt":"2011-06-22T13:14:54","guid":{"rendered":"http:\/\/www.choye.fr\/?p=2574"},"modified":"2011-06-22T16:20:56","modified_gmt":"2011-06-22T15:20:56","slug":"maisons-fleuries-2","status":"publish","type":"post","link":"http:\/\/www.choye.fr\/?p=2574","title":{"rendered":"Maisons fleuries"},"content":{"rendered":"<p><a href=\"http:\/\/www.choye.fr\/wp-content\/uploads\/2011\/06\/lea.jpg\"><img decoding=\"async\" loading=\"lazy\" class=\"alignleft size-thumbnail wp-image-2575\" title=\"lea\" src=\"http:\/\/www.choye.fr\/wp-content\/uploads\/2011\/06\/lea-120x90.jpg\" alt=\"\" width=\"120\" height=\"90\" srcset=\"http:\/\/www.choye.fr\/wp-content\/uploads\/2011\/06\/lea-120x90.jpg 120w, http:\/\/www.choye.fr\/wp-content\/uploads\/2011\/06\/lea-300x224.jpg 300w, http:\/\/www.choye.fr\/wp-content\/uploads\/2011\/06\/lea.jpg 448w\" sizes=\"(max-width: 120px) 100vw, 120px\" \/><\/a>Cette ann\u00e9e encore,\u00a0c\u2019est L\u00e9a Saillard qui\u00a0a \u00e9t\u00e9 distingu\u00e9e par le jury d\u00e9partemental des\u00a0 villages et maison fleuries pour son d\u00e9cor floral de la saison derni\u00e8re.\u00a0Les prix ont \u00e9t\u00e9 remis par le conseiller g\u00e9n\u00e9ral, Paul Cheviet, le samedi 11 juin 2011. F\u00e9licitations.<\/p>\n","protected":false},"excerpt":{"rendered":"<p>Cette ann\u00e9e encore,\u00a0c\u2019est L\u00e9a Saillard qui\u00a0a \u00e9t\u00e9 distingu\u00e9e par le jury d\u00e9partemental des\u00a0 villages et maison fleuries pour son d\u00e9cor floral de la saison derni\u00e8re.\u00a0Les prix ont \u00e9t\u00e9 remis par le conseiller g\u00e9n\u00e9ral, Paul Cheviet, le samedi 11 juin 2011. &hellip; <a href=\"http:\/\/www.choye.fr\/?p=2574\">Continuer la lecture <span class=\"meta-nav\">&rarr;<\/span><\/a><\/p>\n","protected":false},"author":258,"featured_media":0,"comment_status":"open","ping_status":"open","sticky":false,"template":"","format":"standard","meta":{"ngg_post_thumbnail":0},"categories":[6],"tags":[],"post_mailing_queue_ids":[],"_links":{"self":[{"href":"http:\/\/www.choye.fr\/index.php?rest_route=\/wp\/v2\/posts\/2574"}],"collection":[{"href":"http:\/\/www.choye.fr\/index.php?rest_route=\/wp\/v2\/posts"}],"about":[{"href":"http:\/\/www.choye.fr\/index.php?rest_route=\/wp\/v2\/types\/post"}],"author":[{"embeddable":true,"href":"http:\/\/www.choye.fr\/index.php?rest_route=\/wp\/v2\/users\/258"}],"replies":[{"embeddable":true,"href":"http:\/\/www.choye.fr\/index.php?rest_route=%2Fwp%2Fv2%2Fcomments&post=2574"}],"version-history":[{"count":2,"href":"http:\/\/www.choye.fr\/index.php?rest_route=\/wp\/v2\/posts\/2574\/revisions"}],"predecessor-version":[{"id":2577,"href":"http:\/\/www.choye.fr\/index.php?rest_route=\/wp\/v2\/posts\/2574\/revisions\/2577"}],"wp:attachment":[{"href":"http:\/\/www.choye.fr\/index.php?rest_route=%2Fwp%2Fv2%2Fmedia&parent=2574"}],"wp:term":[{"taxonomy":"category","embeddable":true,"href":"http:\/\/www.choye.fr\/index.php?rest_route=%2Fwp%2Fv2%2Fcategories&post=2574"},{"taxonomy":"post_tag","embeddable":true,"href":"http:\/\/www.choye.fr\/index.php?rest_route=%2Fwp%2Fv2%2Ftags&post=2574"}],"curies":[{"name":"wp","href":"https:\/\/api.w.org\/{rel}","templated":true}]}}