{"id":2559,"date":"2013-11-20T17:30:26","date_gmt":"2013-11-20T16:30:26","guid":{"rendered":"http:\/\/www.choye.fr\/?p=2559"},"modified":"2013-10-15T15:41:37","modified_gmt":"2013-10-15T14:41:37","slug":"coupure-delectricite","status":"publish","type":"post","link":"http:\/\/www.choye.fr\/?p=2559","title":{"rendered":"Coupures d&rsquo;\u00e9lectricit\u00e9"},"content":{"rendered":"<p style=\"text-align: justify;\"><a href=\"http:\/\/www.choye.fr\/wp-content\/uploads\/2011\/06\/ligne-ht.jpg\"><img decoding=\"async\" loading=\"lazy\" class=\"alignleft size-thumbnail wp-image-2560\" title=\"ligne-ht\" src=\"http:\/\/www.choye.fr\/wp-content\/uploads\/2011\/06\/ligne-ht-75x90.jpg\" alt=\"\" width=\"75\" height=\"90\" \/><\/a>ERDF a \u00e9mis un avis de coupure du courant \u00e9lectrique pour cause de travaux. deux \u00ab\u00a0coupures br\u00e8ves de quelques minutes\u00a0\u00bb auront lieu le jeudi 5 d\u00e9cembre 2013 entre 8h et 9h et entre 16h et 17h pour les rue de l&rsquo;Abreuvoir, de Granvau, de l&rsquo;Eglise, des Pr\u00e9s, la Grande rue et la place de Coligny. Il convient de prendre des dispositions pour prot\u00e9ger les mat\u00e9riels informatiques et autres mat\u00e9riels sensibles. Merci de votre compr\u00e9hension.<\/p>\n","protected":false},"excerpt":{"rendered":"<p>ERDF a \u00e9mis un avis de coupure du courant \u00e9lectrique pour cause de travaux. deux \u00ab\u00a0coupures br\u00e8ves de quelques minutes\u00a0\u00bb auront lieu le jeudi 5 d\u00e9cembre 2013 entre 8h et 9h et entre 16h et 17h pour les rue de &hellip; <a href=\"http:\/\/www.choye.fr\/?p=2559\">Continuer la lecture <span class=\"meta-nav\">&rarr;<\/span><\/a><\/p>\n","protected":false},"author":258,"featured_media":0,"comment_status":"open","ping_status":"open","sticky":false,"template":"","format":"standard","meta":{"ngg_post_thumbnail":0},"categories":[3,7],"tags":[],"post_mailing_queue_ids":[],"_links":{"self":[{"href":"http:\/\/www.choye.fr\/index.php?rest_route=\/wp\/v2\/posts\/2559"}],"collection":[{"href":"http:\/\/www.choye.fr\/index.php?rest_route=\/wp\/v2\/posts"}],"about":[{"href":"http:\/\/www.choye.fr\/index.php?rest_route=\/wp\/v2\/types\/post"}],"author":[{"embeddable":true,"href":"http:\/\/www.choye.fr\/index.php?rest_route=\/wp\/v2\/users\/258"}],"replies":[{"embeddable":true,"href":"http:\/\/www.choye.fr\/index.php?rest_route=%2Fwp%2Fv2%2Fcomments&post=2559"}],"version-history":[{"count":6,"href":"http:\/\/www.choye.fr\/index.php?rest_route=\/wp\/v2\/posts\/2559\/revisions"}],"predecessor-version":[{"id":3872,"href":"http:\/\/www.choye.fr\/index.php?rest_route=\/wp\/v2\/posts\/2559\/revisions\/3872"}],"wp:attachment":[{"href":"http:\/\/www.choye.fr\/index.php?rest_route=%2Fwp%2Fv2%2Fmedia&parent=2559"}],"wp:term":[{"taxonomy":"category","embeddable":true,"href":"http:\/\/www.choye.fr\/index.php?rest_route=%2Fwp%2Fv2%2Fcategories&post=2559"},{"taxonomy":"post_tag","embeddable":true,"href":"http:\/\/www.choye.fr\/index.php?rest_route=%2Fwp%2Fv2%2Ftags&post=2559"}],"curies":[{"name":"wp","href":"https:\/\/api.w.org\/{rel}","templated":true}]}}