{"id":2556,"date":"2011-06-12T17:29:51","date_gmt":"2011-06-12T16:29:51","guid":{"rendered":"http:\/\/www.choye.fr\/?p=2556"},"modified":"2011-06-12T17:29:51","modified_gmt":"2011-06-12T16:29:51","slug":"cabaret-cirque","status":"publish","type":"post","link":"http:\/\/www.choye.fr\/?p=2556","title":{"rendered":"Cabaret cirque"},"content":{"rendered":"<p class=\"MsoNormal\" style=\"text-align: justify; margin: 0cm 0cm 10pt;\"><a href=\"http:\/\/www.choye.fr\/wp-content\/uploads\/2011\/06\/chapiteau.jpg\"><img decoding=\"async\" loading=\"lazy\" class=\"alignleft size-thumbnail wp-image-2557\" title=\"chapiteau\" src=\"http:\/\/www.choye.fr\/wp-content\/uploads\/2011\/06\/chapiteau-120x90.jpg\" alt=\"\" width=\"120\" height=\"90\" srcset=\"http:\/\/www.choye.fr\/wp-content\/uploads\/2011\/06\/chapiteau-120x90.jpg 120w, http:\/\/www.choye.fr\/wp-content\/uploads\/2011\/06\/chapiteau-300x225.jpg 300w, http:\/\/www.choye.fr\/wp-content\/uploads\/2011\/06\/chapiteau.jpg 448w\" sizes=\"(max-width: 120px) 100vw, 120px\" \/><\/a><\/p>\n<p style=\"text-align: justify; margin: 0cm 0cm 10pt;\">Ce vendredi,\u00a0une soir\u00e9e \u00ab\u00a0cabaret cirque\u00a0\u00bb avec des artistes professionnels et des stagiaires a accueilli plus de 200 spectateurs de Choye et des environs.<\/p>\n<p class=\"MsoNormal\" style=\"text-align: justify; margin: 0cm 0cm 10pt;\">Ce spactacle original et appr\u00e9ci\u00e9 de tous a clotur\u00e9\u00a0le s\u00e9jour du chapiteau\u00a0de Passe-Muraille, centre des arts du cirque \u00e0 Besan\u00e7on, fait \u00e9tape\u00a0\u00e0 Choye.\u00a0Durant ces trois semaines, des ateliers scolaires ont \u00e9t\u00e9\u00a0organis\u00e9s pour une vingtaine de classes de la maternelle au coll\u00e8ge\u00a0; des ateliers de d\u00e9couverte ont accueilli les enfants du p\u00e9riscolaire de Gy ainsi que des animateurs et enseignants en formation.<\/p>\n","protected":false},"excerpt":{"rendered":"<p>Ce vendredi,\u00a0une soir\u00e9e \u00ab\u00a0cabaret cirque\u00a0\u00bb avec des artistes professionnels et des stagiaires a accueilli plus de 200 spectateurs de Choye et des environs. Ce spactacle original et appr\u00e9ci\u00e9 de tous a clotur\u00e9\u00a0le s\u00e9jour du chapiteau\u00a0de Passe-Muraille, centre des arts du &hellip; <a href=\"http:\/\/www.choye.fr\/?p=2556\">Continuer la lecture <span class=\"meta-nav\">&rarr;<\/span><\/a><\/p>\n","protected":false},"author":258,"featured_media":0,"comment_status":"open","ping_status":"open","sticky":false,"template":"","format":"standard","meta":{"ngg_post_thumbnail":0},"categories":[1],"tags":[],"post_mailing_queue_ids":[],"_links":{"self":[{"href":"http:\/\/www.choye.fr\/index.php?rest_route=\/wp\/v2\/posts\/2556"}],"collection":[{"href":"http:\/\/www.choye.fr\/index.php?rest_route=\/wp\/v2\/posts"}],"about":[{"href":"http:\/\/www.choye.fr\/index.php?rest_route=\/wp\/v2\/types\/post"}],"author":[{"embeddable":true,"href":"http:\/\/www.choye.fr\/index.php?rest_route=\/wp\/v2\/users\/258"}],"replies":[{"embeddable":true,"href":"http:\/\/www.choye.fr\/index.php?rest_route=%2Fwp%2Fv2%2Fcomments&post=2556"}],"version-history":[{"count":1,"href":"http:\/\/www.choye.fr\/index.php?rest_route=\/wp\/v2\/posts\/2556\/revisions"}],"predecessor-version":[{"id":2558,"href":"http:\/\/www.choye.fr\/index.php?rest_route=\/wp\/v2\/posts\/2556\/revisions\/2558"}],"wp:attachment":[{"href":"http:\/\/www.choye.fr\/index.php?rest_route=%2Fwp%2Fv2%2Fmedia&parent=2556"}],"wp:term":[{"taxonomy":"category","embeddable":true,"href":"http:\/\/www.choye.fr\/index.php?rest_route=%2Fwp%2Fv2%2Fcategories&post=2556"},{"taxonomy":"post_tag","embeddable":true,"href":"http:\/\/www.choye.fr\/index.php?rest_route=%2Fwp%2Fv2%2Ftags&post=2556"}],"curies":[{"name":"wp","href":"https:\/\/api.w.org\/{rel}","templated":true}]}}