{"id":2487,"date":"2011-05-08T21:56:06","date_gmt":"2011-05-08T20:56:06","guid":{"rendered":"http:\/\/www.choye.fr\/?p=2487"},"modified":"2011-05-08T21:56:06","modified_gmt":"2011-05-08T20:56:06","slug":"commemoration-du-8-mai-1945-3","status":"publish","type":"post","link":"http:\/\/www.choye.fr\/?p=2487","title":{"rendered":"Comm\u00e9moration du 8 mai 1945"},"content":{"rendered":"<p><a href=\"http:\/\/www.choye.fr\/wp-content\/uploads\/2011\/05\/p5070212.jpg\"><img decoding=\"async\" loading=\"lazy\" class=\"alignleft size-thumbnail wp-image-2488\" title=\"p5070212\" src=\"http:\/\/www.choye.fr\/wp-content\/uploads\/2011\/05\/p5070212-120x90.jpg\" alt=\"\" width=\"120\" height=\"90\" srcset=\"http:\/\/www.choye.fr\/wp-content\/uploads\/2011\/05\/p5070212-120x90.jpg 120w, http:\/\/www.choye.fr\/wp-content\/uploads\/2011\/05\/p5070212-300x225.jpg 300w, http:\/\/www.choye.fr\/wp-content\/uploads\/2011\/05\/p5070212.jpg 448w\" sizes=\"(max-width: 120px) 100vw, 120px\" \/><\/a>Traditionnelle comm\u00e9moration du 8 mai 1945.\u00a0\u00a0Les anciens combattants, les habitants ainsi que les maires et conseillers municipaux de Choye, Velloreille-les-Choye et Villefrancon s\u2019\u00e9taient donn\u00e9s rendez-vous au monument puis \u00e0 la mairie pour le traditionnel verre de l\u2019amiti\u00e9. Une quarantaine de personnes \u00e9taient pr\u00e9sentes<\/p>\n","protected":false},"excerpt":{"rendered":"<p>Traditionnelle comm\u00e9moration du 8 mai 1945.\u00a0\u00a0Les anciens combattants, les habitants ainsi que les maires et conseillers municipaux de Choye, Velloreille-les-Choye et Villefrancon s\u2019\u00e9taient donn\u00e9s rendez-vous au monument puis \u00e0 la mairie pour le traditionnel verre de l\u2019amiti\u00e9. Une quarantaine de &hellip; <a href=\"http:\/\/www.choye.fr\/?p=2487\">Continuer la lecture <span class=\"meta-nav\">&rarr;<\/span><\/a><\/p>\n","protected":false},"author":258,"featured_media":0,"comment_status":"open","ping_status":"open","sticky":false,"template":"","format":"standard","meta":{"ngg_post_thumbnail":0},"categories":[11],"tags":[],"post_mailing_queue_ids":[],"_links":{"self":[{"href":"http:\/\/www.choye.fr\/index.php?rest_route=\/wp\/v2\/posts\/2487"}],"collection":[{"href":"http:\/\/www.choye.fr\/index.php?rest_route=\/wp\/v2\/posts"}],"about":[{"href":"http:\/\/www.choye.fr\/index.php?rest_route=\/wp\/v2\/types\/post"}],"author":[{"embeddable":true,"href":"http:\/\/www.choye.fr\/index.php?rest_route=\/wp\/v2\/users\/258"}],"replies":[{"embeddable":true,"href":"http:\/\/www.choye.fr\/index.php?rest_route=%2Fwp%2Fv2%2Fcomments&post=2487"}],"version-history":[{"count":1,"href":"http:\/\/www.choye.fr\/index.php?rest_route=\/wp\/v2\/posts\/2487\/revisions"}],"predecessor-version":[{"id":2489,"href":"http:\/\/www.choye.fr\/index.php?rest_route=\/wp\/v2\/posts\/2487\/revisions\/2489"}],"wp:attachment":[{"href":"http:\/\/www.choye.fr\/index.php?rest_route=%2Fwp%2Fv2%2Fmedia&parent=2487"}],"wp:term":[{"taxonomy":"category","embeddable":true,"href":"http:\/\/www.choye.fr\/index.php?rest_route=%2Fwp%2Fv2%2Fcategories&post=2487"},{"taxonomy":"post_tag","embeddable":true,"href":"http:\/\/www.choye.fr\/index.php?rest_route=%2Fwp%2Fv2%2Ftags&post=2487"}],"curies":[{"name":"wp","href":"https:\/\/api.w.org\/{rel}","templated":true}]}}