{"id":2484,"date":"2011-05-07T16:35:41","date_gmt":"2011-05-07T15:35:41","guid":{"rendered":"http:\/\/www.choye.fr\/?p=2484"},"modified":"2011-05-07T16:35:41","modified_gmt":"2011-05-07T15:35:41","slug":"bapteme-civil-pour-maewen","status":"publish","type":"post","link":"http:\/\/www.choye.fr\/?p=2484","title":{"rendered":"Bapt\u00eame civil pour Ma\u00ebwen"},"content":{"rendered":"<p style=\"text-align: justify;\"><a href=\"http:\/\/www.choye.fr\/wp-content\/uploads\/2011\/05\/copie-de-p5060205.jpg\"><img decoding=\"async\" loading=\"lazy\" class=\"alignleft size-thumbnail wp-image-2485\" title=\"copie-de-p5060205\" src=\"http:\/\/www.choye.fr\/wp-content\/uploads\/2011\/05\/copie-de-p5060205-120x90.jpg\" alt=\"\" width=\"120\" height=\"90\" srcset=\"http:\/\/www.choye.fr\/wp-content\/uploads\/2011\/05\/copie-de-p5060205-120x90.jpg 120w, http:\/\/www.choye.fr\/wp-content\/uploads\/2011\/05\/copie-de-p5060205-300x225.jpg 300w, http:\/\/www.choye.fr\/wp-content\/uploads\/2011\/05\/copie-de-p5060205.jpg 448w\" sizes=\"(max-width: 120px) 100vw, 120px\" \/><\/a>Samedi 7 mai, Ang\u00e9lique et Micha\u00eal Granier ont pr\u00e9sent\u00e9 en mairie leur fille\u00a0Ma\u00ebwen, n\u00e9e le 4 ao\u00fbt 2010, pour la placer sous l\u2019\u00e9gide et la protection de l\u2019autorit\u00e9 civile et r\u00e9publicaine. ils ont choisi comme parrain et marraine, jean-Jacques et Nadine Granier, domicili\u00e9s\u00a0\u00e0 Valensole.<\/p>\n<p style=\"text-align: justify;\">C\u2019est le maire, Guy Chevanne, qui a proc\u00e9d\u00e9 \u00e0 cette c\u00e9r\u00e9monie, \u00e0 l\u2019issue de laquelle, comme le veut la tradition \u00e0 la Mairie de Choye, il a remis une petite cocarde \u00e0 Ma\u00ebwen pour symboliser l\u2019\u00e9v\u00e8nement. Tous nos voeux \u00e0\u00a0Ma\u00ebwen !<\/p>\n","protected":false},"excerpt":{"rendered":"<p>Samedi 7 mai, Ang\u00e9lique et Micha\u00eal Granier ont pr\u00e9sent\u00e9 en mairie leur fille\u00a0Ma\u00ebwen, n\u00e9e le 4 ao\u00fbt 2010, pour la placer sous l\u2019\u00e9gide et la protection de l\u2019autorit\u00e9 civile et r\u00e9publicaine. ils ont choisi comme parrain et marraine, jean-Jacques et &hellip; <a href=\"http:\/\/www.choye.fr\/?p=2484\">Continuer la lecture <span class=\"meta-nav\">&rarr;<\/span><\/a><\/p>\n","protected":false},"author":258,"featured_media":0,"comment_status":"open","ping_status":"open","sticky":false,"template":"","format":"standard","meta":{"ngg_post_thumbnail":0},"categories":[11],"tags":[],"post_mailing_queue_ids":[],"_links":{"self":[{"href":"http:\/\/www.choye.fr\/index.php?rest_route=\/wp\/v2\/posts\/2484"}],"collection":[{"href":"http:\/\/www.choye.fr\/index.php?rest_route=\/wp\/v2\/posts"}],"about":[{"href":"http:\/\/www.choye.fr\/index.php?rest_route=\/wp\/v2\/types\/post"}],"author":[{"embeddable":true,"href":"http:\/\/www.choye.fr\/index.php?rest_route=\/wp\/v2\/users\/258"}],"replies":[{"embeddable":true,"href":"http:\/\/www.choye.fr\/index.php?rest_route=%2Fwp%2Fv2%2Fcomments&post=2484"}],"version-history":[{"count":1,"href":"http:\/\/www.choye.fr\/index.php?rest_route=\/wp\/v2\/posts\/2484\/revisions"}],"predecessor-version":[{"id":2486,"href":"http:\/\/www.choye.fr\/index.php?rest_route=\/wp\/v2\/posts\/2484\/revisions\/2486"}],"wp:attachment":[{"href":"http:\/\/www.choye.fr\/index.php?rest_route=%2Fwp%2Fv2%2Fmedia&parent=2484"}],"wp:term":[{"taxonomy":"category","embeddable":true,"href":"http:\/\/www.choye.fr\/index.php?rest_route=%2Fwp%2Fv2%2Fcategories&post=2484"},{"taxonomy":"post_tag","embeddable":true,"href":"http:\/\/www.choye.fr\/index.php?rest_route=%2Fwp%2Fv2%2Ftags&post=2484"}],"curies":[{"name":"wp","href":"https:\/\/api.w.org\/{rel}","templated":true}]}}