{"id":2479,"date":"2011-05-05T13:36:18","date_gmt":"2011-05-05T12:36:18","guid":{"rendered":"http:\/\/www.choye.fr\/?p=2479"},"modified":"2011-05-05T17:58:05","modified_gmt":"2011-05-05T16:58:05","slug":"deces-de-dominique-comte","status":"publish","type":"post","link":"http:\/\/www.choye.fr\/?p=2479","title":{"rendered":"D\u00e9c\u00e8s de Dominique Comte"},"content":{"rendered":"<p><a href=\"http:\/\/www.choye.fr\/wp-content\/uploads\/2011\/05\/ciel-120x9011.jpg\"><img decoding=\"async\" loading=\"lazy\" class=\"alignleft size-thumbnail wp-image-2480\" title=\"ciel-120x9011\" src=\"http:\/\/www.choye.fr\/wp-content\/uploads\/2011\/05\/ciel-120x9011.jpg\" alt=\"\" width=\"120\" height=\"90\" \/><\/a>Dominique Comte, 56 ans, fils de Juliette et Gilbert Comte, est d\u00e9c\u00e9d\u00e9 \u00e0 Vesoul le 5 mai 2011. Les obs\u00e8ques auront lieu \u00e0 Choye le lundi 9 mai 2011 \u00e0 14h30. Condol\u00e9ances<\/p>\n","protected":false},"excerpt":{"rendered":"<p>Dominique Comte, 56 ans, fils de Juliette et Gilbert Comte, est d\u00e9c\u00e9d\u00e9 \u00e0 Vesoul le 5 mai 2011. Les obs\u00e8ques auront lieu \u00e0 Choye le lundi 9 mai 2011 \u00e0 14h30. Condol\u00e9ances<\/p>\n","protected":false},"author":258,"featured_media":0,"comment_status":"open","ping_status":"open","sticky":false,"template":"","format":"standard","meta":{"ngg_post_thumbnail":0},"categories":[24],"tags":[],"post_mailing_queue_ids":[],"_links":{"self":[{"href":"http:\/\/www.choye.fr\/index.php?rest_route=\/wp\/v2\/posts\/2479"}],"collection":[{"href":"http:\/\/www.choye.fr\/index.php?rest_route=\/wp\/v2\/posts"}],"about":[{"href":"http:\/\/www.choye.fr\/index.php?rest_route=\/wp\/v2\/types\/post"}],"author":[{"embeddable":true,"href":"http:\/\/www.choye.fr\/index.php?rest_route=\/wp\/v2\/users\/258"}],"replies":[{"embeddable":true,"href":"http:\/\/www.choye.fr\/index.php?rest_route=%2Fwp%2Fv2%2Fcomments&post=2479"}],"version-history":[{"count":2,"href":"http:\/\/www.choye.fr\/index.php?rest_route=\/wp\/v2\/posts\/2479\/revisions"}],"predecessor-version":[{"id":2483,"href":"http:\/\/www.choye.fr\/index.php?rest_route=\/wp\/v2\/posts\/2479\/revisions\/2483"}],"wp:attachment":[{"href":"http:\/\/www.choye.fr\/index.php?rest_route=%2Fwp%2Fv2%2Fmedia&parent=2479"}],"wp:term":[{"taxonomy":"category","embeddable":true,"href":"http:\/\/www.choye.fr\/index.php?rest_route=%2Fwp%2Fv2%2Fcategories&post=2479"},{"taxonomy":"post_tag","embeddable":true,"href":"http:\/\/www.choye.fr\/index.php?rest_route=%2Fwp%2Fv2%2Ftags&post=2479"}],"curies":[{"name":"wp","href":"https:\/\/api.w.org\/{rel}","templated":true}]}}