{"id":2475,"date":"2011-05-03T10:48:05","date_gmt":"2011-05-03T09:48:05","guid":{"rendered":"http:\/\/www.choye.fr\/?p=2475"},"modified":"2011-05-05T13:37:04","modified_gmt":"2011-05-05T12:37:04","slug":"deces-dyvette-flury","status":"publish","type":"post","link":"http:\/\/www.choye.fr\/?p=2475","title":{"rendered":"D\u00e9c\u00e8s d&rsquo;Yvette Flury"},"content":{"rendered":"<p>Yvette Flury,\u00a081 ans,\u00a0est d\u00e9c\u00e9d\u00e9e \u00e0 Besan\u00e7on le 3 mai 2011.\u00a0Les obs\u00e8ques auront lieu \u00e0 Choye le vendredi 6 mai\u00a02011 \u00e0 14h30. Condol\u00e9ances.<\/p>\n","protected":false},"excerpt":{"rendered":"<p>Yvette Flury,\u00a081 ans,\u00a0est d\u00e9c\u00e9d\u00e9e \u00e0 Besan\u00e7on le 3 mai 2011.\u00a0Les obs\u00e8ques auront lieu \u00e0 Choye le vendredi 6 mai\u00a02011 \u00e0 14h30. Condol\u00e9ances.<\/p>\n","protected":false},"author":258,"featured_media":0,"comment_status":"open","ping_status":"open","sticky":false,"template":"","format":"standard","meta":{"ngg_post_thumbnail":0},"categories":[24],"tags":[],"post_mailing_queue_ids":[],"_links":{"self":[{"href":"http:\/\/www.choye.fr\/index.php?rest_route=\/wp\/v2\/posts\/2475"}],"collection":[{"href":"http:\/\/www.choye.fr\/index.php?rest_route=\/wp\/v2\/posts"}],"about":[{"href":"http:\/\/www.choye.fr\/index.php?rest_route=\/wp\/v2\/types\/post"}],"author":[{"embeddable":true,"href":"http:\/\/www.choye.fr\/index.php?rest_route=\/wp\/v2\/users\/258"}],"replies":[{"embeddable":true,"href":"http:\/\/www.choye.fr\/index.php?rest_route=%2Fwp%2Fv2%2Fcomments&post=2475"}],"version-history":[{"count":4,"href":"http:\/\/www.choye.fr\/index.php?rest_route=\/wp\/v2\/posts\/2475\/revisions"}],"predecessor-version":[{"id":2478,"href":"http:\/\/www.choye.fr\/index.php?rest_route=\/wp\/v2\/posts\/2475\/revisions\/2478"}],"wp:attachment":[{"href":"http:\/\/www.choye.fr\/index.php?rest_route=%2Fwp%2Fv2%2Fmedia&parent=2475"}],"wp:term":[{"taxonomy":"category","embeddable":true,"href":"http:\/\/www.choye.fr\/index.php?rest_route=%2Fwp%2Fv2%2Fcategories&post=2475"},{"taxonomy":"post_tag","embeddable":true,"href":"http:\/\/www.choye.fr\/index.php?rest_route=%2Fwp%2Fv2%2Ftags&post=2475"}],"curies":[{"name":"wp","href":"https:\/\/api.w.org\/{rel}","templated":true}]}}