{"id":2469,"date":"2011-05-01T20:44:11","date_gmt":"2011-05-01T19:44:11","guid":{"rendered":"http:\/\/www.choye.fr\/?p=2469"},"modified":"2011-05-01T20:46:46","modified_gmt":"2011-05-01T19:46:46","slug":"marche-gourmande","status":"publish","type":"post","link":"http:\/\/www.choye.fr\/?p=2469","title":{"rendered":"Marche gourmande"},"content":{"rendered":"<p><a href=\"http:\/\/www.choye.fr\/wp-content\/uploads\/2011\/05\/p4300187.jpg\"><img decoding=\"async\" loading=\"lazy\" class=\"alignleft size-thumbnail wp-image-2470\" title=\"p4300187\" src=\"http:\/\/www.choye.fr\/wp-content\/uploads\/2011\/05\/p4300187-120x90.jpg\" alt=\"\" width=\"120\" height=\"90\" srcset=\"http:\/\/www.choye.fr\/wp-content\/uploads\/2011\/05\/p4300187-120x90.jpg 120w, http:\/\/www.choye.fr\/wp-content\/uploads\/2011\/05\/p4300187-300x225.jpg 300w, http:\/\/www.choye.fr\/wp-content\/uploads\/2011\/05\/p4300187.jpg 448w\" sizes=\"(max-width: 120px) 100vw, 120px\" \/><\/a>260 personnes ont particip\u00e9 \u00e0 la 8\u00e8me marche gourmande des Monts de Gy organis\u00e9e par l&rsquo;Office de tourisme des Monts de Gy sur un magnifique parcours de 13 kilom\u00e8tres entre Choye et Charcenne. L&rsquo;entr\u00e9e \u00e9tait prise \u00e0 Charcenne, le plat principal \u00e0 l&rsquo;IMP de Choye avec un retour \u00e0 Charcenne pour le dessert.\u00a0Des itin\u00e9raires de balade inhabituels sous un soleil estival. Une belle journ\u00e9e.<\/p>\n","protected":false},"excerpt":{"rendered":"<p>260 personnes ont particip\u00e9 \u00e0 la 8\u00e8me marche gourmande des Monts de Gy organis\u00e9e par l&rsquo;Office de tourisme des Monts de Gy sur un magnifique parcours de 13 kilom\u00e8tres entre Choye et Charcenne. L&rsquo;entr\u00e9e \u00e9tait prise \u00e0 Charcenne, le plat &hellip; <a href=\"http:\/\/www.choye.fr\/?p=2469\">Continuer la lecture <span class=\"meta-nav\">&rarr;<\/span><\/a><\/p>\n","protected":false},"author":258,"featured_media":0,"comment_status":"open","ping_status":"open","sticky":false,"template":"","format":"standard","meta":{"ngg_post_thumbnail":0},"categories":[5,22],"tags":[],"post_mailing_queue_ids":[],"_links":{"self":[{"href":"http:\/\/www.choye.fr\/index.php?rest_route=\/wp\/v2\/posts\/2469"}],"collection":[{"href":"http:\/\/www.choye.fr\/index.php?rest_route=\/wp\/v2\/posts"}],"about":[{"href":"http:\/\/www.choye.fr\/index.php?rest_route=\/wp\/v2\/types\/post"}],"author":[{"embeddable":true,"href":"http:\/\/www.choye.fr\/index.php?rest_route=\/wp\/v2\/users\/258"}],"replies":[{"embeddable":true,"href":"http:\/\/www.choye.fr\/index.php?rest_route=%2Fwp%2Fv2%2Fcomments&post=2469"}],"version-history":[{"count":3,"href":"http:\/\/www.choye.fr\/index.php?rest_route=\/wp\/v2\/posts\/2469\/revisions"}],"predecessor-version":[{"id":2473,"href":"http:\/\/www.choye.fr\/index.php?rest_route=\/wp\/v2\/posts\/2469\/revisions\/2473"}],"wp:attachment":[{"href":"http:\/\/www.choye.fr\/index.php?rest_route=%2Fwp%2Fv2%2Fmedia&parent=2469"}],"wp:term":[{"taxonomy":"category","embeddable":true,"href":"http:\/\/www.choye.fr\/index.php?rest_route=%2Fwp%2Fv2%2Fcategories&post=2469"},{"taxonomy":"post_tag","embeddable":true,"href":"http:\/\/www.choye.fr\/index.php?rest_route=%2Fwp%2Fv2%2Ftags&post=2469"}],"curies":[{"name":"wp","href":"https:\/\/api.w.org\/{rel}","templated":true}]}}