{"id":2443,"date":"2011-04-23T23:09:41","date_gmt":"2011-04-23T22:09:41","guid":{"rendered":"http:\/\/www.choye.fr\/?p=2443"},"modified":"2011-04-25T14:22:39","modified_gmt":"2011-04-25T13:22:39","slug":"animation-au-chateau","status":"publish","type":"post","link":"http:\/\/www.choye.fr\/?p=2443","title":{"rendered":"Animation au ch\u00e2teau"},"content":{"rendered":"<p style=\"text-align: justify;\"><a href=\"http:\/\/www.choye.fr\/wp-content\/uploads\/2011\/04\/copie-club-bafa.jpg\"><img decoding=\"async\" loading=\"lazy\" class=\"alignleft size-thumbnail wp-image-2461\" title=\"copie-club-bafa\" src=\"http:\/\/www.choye.fr\/wp-content\/uploads\/2011\/04\/copie-club-bafa-120x90.jpg\" alt=\"\" width=\"120\" height=\"90\" srcset=\"http:\/\/www.choye.fr\/wp-content\/uploads\/2011\/04\/copie-club-bafa-120x90.jpg 120w, http:\/\/www.choye.fr\/wp-content\/uploads\/2011\/04\/copie-club-bafa-300x225.jpg 300w, http:\/\/www.choye.fr\/wp-content\/uploads\/2011\/04\/copie-club-bafa.jpg 448w\" sizes=\"(max-width: 120px) 100vw, 120px\" \/><\/a>Malgr\u00e9 les vacances scolaires, il r\u00e9gnait une grande animation au ch\u00e2teau de Choye cette semaine. Les locaux de l\u2019IMP accueillaient 26 stagiaires, jeunes animateurs, qui participaient \u00e0 un stage th\u00e9orique BAFA (Brevet d\u2019Aptitude aux Fonctions d\u2019animateur),\u00a0organis\u00e9s par la FOL. Le contenu portait sur les connaissances en mati\u00e8re d\u2019enfance et jeunesse, de r\u00e8glementation, de s\u00e9curit\u00e9 d\u2019activit\u00e9s telles que jeux de piste, veill\u00e9es\u2026 Afin de mettre en pratique les savoirs, les jeunes ont organis\u00e9 un grand jeu pour les enfants des centres de loisirs de Gy et de Fresne-Saint-Mam\u00e8s et ont \u00e9galement offert un temps d\u2019animation au club des a\u00een\u00e9s \u00ab\u00a0La Colombine\u00a0\u00bb facilitant ainsi la rencontre interg\u00e9n\u00e9rationnelle. Le stage \u00e9taient anim\u00e9 par Karine Nevers, Sophie Carrou\u00e9, Greg <span style=\"mso-spacerun: yes;\">\u00a0<\/span>Kloposki et Sabine Monnot.<\/p>\n","protected":false},"excerpt":{"rendered":"<p>Malgr\u00e9 les vacances scolaires, il r\u00e9gnait une grande animation au ch\u00e2teau de Choye cette semaine. Les locaux de l\u2019IMP accueillaient 26 stagiaires, jeunes animateurs, qui participaient \u00e0 un stage th\u00e9orique BAFA (Brevet d\u2019Aptitude aux Fonctions d\u2019animateur),\u00a0organis\u00e9s par la FOL. Le &hellip; <a href=\"http:\/\/www.choye.fr\/?p=2443\">Continuer la lecture <span class=\"meta-nav\">&rarr;<\/span><\/a><\/p>\n","protected":false},"author":258,"featured_media":0,"comment_status":"open","ping_status":"open","sticky":false,"template":"","format":"standard","meta":{"ngg_post_thumbnail":0},"categories":[11],"tags":[],"post_mailing_queue_ids":[],"_links":{"self":[{"href":"http:\/\/www.choye.fr\/index.php?rest_route=\/wp\/v2\/posts\/2443"}],"collection":[{"href":"http:\/\/www.choye.fr\/index.php?rest_route=\/wp\/v2\/posts"}],"about":[{"href":"http:\/\/www.choye.fr\/index.php?rest_route=\/wp\/v2\/types\/post"}],"author":[{"embeddable":true,"href":"http:\/\/www.choye.fr\/index.php?rest_route=\/wp\/v2\/users\/258"}],"replies":[{"embeddable":true,"href":"http:\/\/www.choye.fr\/index.php?rest_route=%2Fwp%2Fv2%2Fcomments&post=2443"}],"version-history":[{"count":3,"href":"http:\/\/www.choye.fr\/index.php?rest_route=\/wp\/v2\/posts\/2443\/revisions"}],"predecessor-version":[{"id":2460,"href":"http:\/\/www.choye.fr\/index.php?rest_route=\/wp\/v2\/posts\/2443\/revisions\/2460"}],"wp:attachment":[{"href":"http:\/\/www.choye.fr\/index.php?rest_route=%2Fwp%2Fv2%2Fmedia&parent=2443"}],"wp:term":[{"taxonomy":"category","embeddable":true,"href":"http:\/\/www.choye.fr\/index.php?rest_route=%2Fwp%2Fv2%2Fcategories&post=2443"},{"taxonomy":"post_tag","embeddable":true,"href":"http:\/\/www.choye.fr\/index.php?rest_route=%2Fwp%2Fv2%2Ftags&post=2443"}],"curies":[{"name":"wp","href":"https:\/\/api.w.org\/{rel}","templated":true}]}}