{"id":2409,"date":"2011-05-25T00:19:52","date_gmt":"2011-05-24T23:19:52","guid":{"rendered":"http:\/\/www.choye.fr\/?p=2409"},"modified":"2011-10-20T16:11:11","modified_gmt":"2011-10-20T15:11:11","slug":"l%e2%80%99ecole-du-cirque-a-choye","status":"publish","type":"post","link":"http:\/\/www.choye.fr\/?p=2409","title":{"rendered":"L\u2019\u00e9cole du cirque \u00e0 Choye"},"content":{"rendered":"<p><span style=\"font-family: Calibri; font-size: small;\"><a href=\"http:\/\/www.choye.fr\/wp-content\/uploads\/2011\/04\/cirque-11.gif\"><\/a><\/span><\/p>\n<p class=\"MsoNormal\" style=\"text-align: justify; margin: 0cm 0cm 10pt;\"><a href=\"http:\/\/www.choye.fr\/wp-content\/uploads\/2011\/05\/passe20muraille202520ami202011200111.jpg\"><img decoding=\"async\" loading=\"lazy\" class=\"alignleft size-thumbnail wp-image-2527\" title=\"passe20muraille202520ami202011200111\" src=\"http:\/\/www.choye.fr\/wp-content\/uploads\/2011\/05\/passe20muraille202520ami202011200111-120x90.jpg\" alt=\"\" width=\"120\" height=\"90\" srcset=\"http:\/\/www.choye.fr\/wp-content\/uploads\/2011\/05\/passe20muraille202520ami202011200111-120x90.jpg 120w, http:\/\/www.choye.fr\/wp-content\/uploads\/2011\/05\/passe20muraille202520ami202011200111-300x225.jpg 300w, http:\/\/www.choye.fr\/wp-content\/uploads\/2011\/05\/passe20muraille202520ami202011200111.jpg 448w\" sizes=\"(max-width: 120px) 100vw, 120px\" \/><\/a>Ce mercredi, inauguration du chapiteau dans le parc de l&rsquo;IMP en pr\u00e9sence de Philippe JEAN,\u00a0Directeur de l&rsquo;IMP, de Christiane Reverchon vice-pr\u00e9sidente de la Communaut\u00e9 de communes des Monts de Gy, de Paul Cheviet conseiller g\u00e9n\u00e9ral et de Nicole Pauly adjointe au maire.<\/p>\n<p class=\"MsoNormal\" style=\"text-align: justify; margin: 0cm 0cm 10pt;\">Du 26 mai au 30 juin 2011, le chapiteau de Passe-Muraille, centre des arts du cirque \u00e0 Besan\u00e7on, fait \u00e9tape\u00a0\u00e0 Choye. Ce projet, initi\u00e9 par l\u2019IMP, est soutenu financi\u00e8rement par la Communaut\u00e9 de communes des Monts de Gy et la mairie de Choye. Durant ces trois semaines, des ateliers scolaires seront organis\u00e9s pour une vingtaine de classes de la maternelle au coll\u00e8ge\u00a0; des ateliers de d\u00e9couverte accueilleront les \u00e9l\u00e8ves du p\u00e9riscolaire de Gy ainsi que des animateurs et enseignants en formation.<\/p>\n<p style=\"text-align: justify; margin: 0cm 0cm 10pt;\">Le vendredi 10 juin \u00e0 20h00, une soir\u00e9e \u00ab\u00a0cabaret cirque\u00a0\u00bb avec 9 artistes professionnels et des stagiaires accueillera tous les habitants qui souhaitent assister \u00a0au spectacle. Et, trois repr\u00e9sentations de cr\u00e9ations d\u2019\u00e9l\u00e8ves seront propos\u00e9es.<\/p>\n","protected":false},"excerpt":{"rendered":"<p>Ce mercredi, inauguration du chapiteau dans le parc de l&rsquo;IMP en pr\u00e9sence de Philippe JEAN,\u00a0Directeur de l&rsquo;IMP, de Christiane Reverchon vice-pr\u00e9sidente de la Communaut\u00e9 de communes des Monts de Gy, de Paul Cheviet conseiller g\u00e9n\u00e9ral et de Nicole Pauly adjointe &hellip; <a href=\"http:\/\/www.choye.fr\/?p=2409\">Continuer la lecture <span class=\"meta-nav\">&rarr;<\/span><\/a><\/p>\n","protected":false},"author":258,"featured_media":0,"comment_status":"open","ping_status":"open","sticky":false,"template":"","format":"standard","meta":{"ngg_post_thumbnail":0},"categories":[8,11],"tags":[],"post_mailing_queue_ids":[],"_links":{"self":[{"href":"http:\/\/www.choye.fr\/index.php?rest_route=\/wp\/v2\/posts\/2409"}],"collection":[{"href":"http:\/\/www.choye.fr\/index.php?rest_route=\/wp\/v2\/posts"}],"about":[{"href":"http:\/\/www.choye.fr\/index.php?rest_route=\/wp\/v2\/types\/post"}],"author":[{"embeddable":true,"href":"http:\/\/www.choye.fr\/index.php?rest_route=\/wp\/v2\/users\/258"}],"replies":[{"embeddable":true,"href":"http:\/\/www.choye.fr\/index.php?rest_route=%2Fwp%2Fv2%2Fcomments&post=2409"}],"version-history":[{"count":12,"href":"http:\/\/www.choye.fr\/index.php?rest_route=\/wp\/v2\/posts\/2409\/revisions"}],"predecessor-version":[{"id":2528,"href":"http:\/\/www.choye.fr\/index.php?rest_route=\/wp\/v2\/posts\/2409\/revisions\/2528"}],"wp:attachment":[{"href":"http:\/\/www.choye.fr\/index.php?rest_route=%2Fwp%2Fv2%2Fmedia&parent=2409"}],"wp:term":[{"taxonomy":"category","embeddable":true,"href":"http:\/\/www.choye.fr\/index.php?rest_route=%2Fwp%2Fv2%2Fcategories&post=2409"},{"taxonomy":"post_tag","embeddable":true,"href":"http:\/\/www.choye.fr\/index.php?rest_route=%2Fwp%2Fv2%2Ftags&post=2409"}],"curies":[{"name":"wp","href":"https:\/\/api.w.org\/{rel}","templated":true}]}}