{"id":2406,"date":"2011-03-28T21:31:21","date_gmt":"2011-03-28T20:31:21","guid":{"rendered":"http:\/\/www.choye.fr\/?p=2406"},"modified":"2011-03-28T21:31:21","modified_gmt":"2011-03-28T20:31:21","slug":"travaux-au-cimetiere","status":"publish","type":"post","link":"http:\/\/www.choye.fr\/?p=2406","title":{"rendered":"Travaux au cimeti\u00e8re"},"content":{"rendered":"<p><a href=\"http:\/\/www.choye.fr\/wp-content\/uploads\/2011\/03\/cimetiere-1.jpg\"><img decoding=\"async\" loading=\"lazy\" class=\"alignleft size-thumbnail wp-image-2407\" title=\"cimetiere-1\" src=\"http:\/\/www.choye.fr\/wp-content\/uploads\/2011\/03\/cimetiere-1-120x90.jpg\" alt=\"\" width=\"120\" height=\"90\" srcset=\"http:\/\/www.choye.fr\/wp-content\/uploads\/2011\/03\/cimetiere-1-120x90.jpg 120w, http:\/\/www.choye.fr\/wp-content\/uploads\/2011\/03\/cimetiere-1-300x225.jpg 300w, http:\/\/www.choye.fr\/wp-content\/uploads\/2011\/03\/cimetiere-1.jpg 448w\" sizes=\"(max-width: 120px) 100vw, 120px\" \/><\/a><\/p>\n<p style=\"text-align: justify; margin: 0cm 0cm 10pt;\">L\u2019entreprise DG terrassement assist\u00e9e de Jo\u00ebl Marcel, \u00a0Roger Burgy et Michel Faradon a r\u00e9alis\u00e9 d\u2019importants travaux dans le cimeti\u00e8re communal. Les travaux de terrassement d&rsquo;un montant de 3\u00a0000 \u20ac ont \u00e9t\u00e9 effectu\u00e9s pour permettre la circulation des mini-pelleteuses autour de l\u2019\u00e9glise ainsi que la r\u00e9alisation d\u2019un jardin du souvenir pour les urnes fun\u00e9raires. Les am\u00e9nagements ainsi r\u00e9alis\u00e9 permettront \u00e9galement \u00e0 terme de poursuivre la r\u00e9novation du mur d\u2019enceinte. \u00a0Enfin, un \u00a0monument en pierres abritant une statuette\u00a0a \u00e9t\u00e9 d\u00e9plac\u00e9 pr\u00e9alablement \u00e0 sa r\u00e9novation et sa mise en \u00a0valeur.<\/p>\n","protected":false},"excerpt":{"rendered":"<p>L\u2019entreprise DG terrassement assist\u00e9e de Jo\u00ebl Marcel, \u00a0Roger Burgy et Michel Faradon a r\u00e9alis\u00e9 d\u2019importants travaux dans le cimeti\u00e8re communal. Les travaux de terrassement d&rsquo;un montant de 3\u00a0000 \u20ac ont \u00e9t\u00e9 effectu\u00e9s pour permettre la circulation des mini-pelleteuses autour de &hellip; <a href=\"http:\/\/www.choye.fr\/?p=2406\">Continuer la lecture <span class=\"meta-nav\">&rarr;<\/span><\/a><\/p>\n","protected":false},"author":258,"featured_media":0,"comment_status":"open","ping_status":"open","sticky":false,"template":"","format":"standard","meta":{"ngg_post_thumbnail":0},"categories":[10],"tags":[],"post_mailing_queue_ids":[],"_links":{"self":[{"href":"http:\/\/www.choye.fr\/index.php?rest_route=\/wp\/v2\/posts\/2406"}],"collection":[{"href":"http:\/\/www.choye.fr\/index.php?rest_route=\/wp\/v2\/posts"}],"about":[{"href":"http:\/\/www.choye.fr\/index.php?rest_route=\/wp\/v2\/types\/post"}],"author":[{"embeddable":true,"href":"http:\/\/www.choye.fr\/index.php?rest_route=\/wp\/v2\/users\/258"}],"replies":[{"embeddable":true,"href":"http:\/\/www.choye.fr\/index.php?rest_route=%2Fwp%2Fv2%2Fcomments&post=2406"}],"version-history":[{"count":1,"href":"http:\/\/www.choye.fr\/index.php?rest_route=\/wp\/v2\/posts\/2406\/revisions"}],"predecessor-version":[{"id":2408,"href":"http:\/\/www.choye.fr\/index.php?rest_route=\/wp\/v2\/posts\/2406\/revisions\/2408"}],"wp:attachment":[{"href":"http:\/\/www.choye.fr\/index.php?rest_route=%2Fwp%2Fv2%2Fmedia&parent=2406"}],"wp:term":[{"taxonomy":"category","embeddable":true,"href":"http:\/\/www.choye.fr\/index.php?rest_route=%2Fwp%2Fv2%2Fcategories&post=2406"},{"taxonomy":"post_tag","embeddable":true,"href":"http:\/\/www.choye.fr\/index.php?rest_route=%2Fwp%2Fv2%2Ftags&post=2406"}],"curies":[{"name":"wp","href":"https:\/\/api.w.org\/{rel}","templated":true}]}}