{"id":2404,"date":"2011-03-28T21:06:47","date_gmt":"2011-03-28T20:06:47","guid":{"rendered":"http:\/\/www.choye.fr\/?p=2404"},"modified":"2011-03-28T21:06:47","modified_gmt":"2011-03-28T20:06:47","slug":"amenagements-paysagers-2","status":"publish","type":"post","link":"http:\/\/www.choye.fr\/?p=2404","title":{"rendered":"Am\u00e9nagements paysagers"},"content":{"rendered":"<p style=\"text-align: justify; margin: 0cm 0cm 10pt;\">Ce lundi, la mairie accueillait le groupe des 6 \u00e9l\u00e8ves du BTS am\u00e9nagement paysager de la Maison Familiale Rurale de Chargey-les-Gray qui travaillaient depuis octobre 2010, dans le cadre de leur scolarit\u00e9, \u00a0sur des sujets propos\u00e9s par la commune. Ils ont propos\u00e9 le r\u00e9sultat de leurs r\u00e9flexions \u00a0sur la valorisation du secteur du lavoir et de la source, l\u2019implantation de jeux pour enfants pr\u00e8s de \u00a0l\u2019\u00e9tang et la gestion des arbres du Parc du ch\u00e2teau en partenariat avec l\u2019IMP.<\/p>\n<p style=\"text-align: justify; margin: 0cm 0cm 10pt;\">Leurs propositions ont pris en compte les \u00e9changes qui ont eu lieu \u00e0 plusieurs reprises entre les \u00e9lus et les \u00e9tudiants\u00a0: itin\u00e9raire de promenade, proposition d\u2019un emplacement pour un terrain de p\u00e9tanques, mise ne place d\u2019une passerelle sur la rivi\u00e8re.<\/p>\n<p style=\"text-align: justify; margin: 0cm 0cm 10pt;\">Philippe Jean, Directeur de l\u2019IMP, Les \u00e9lus et b\u00e9n\u00e9voles pr\u00e9sents pour cette pr\u00e9sentation ont vivement remerci\u00e9 les \u00e9l\u00e8ves et l\u2019animateur du groupe, J\u00e9r\u00f4me NICOLAS, pour la qualit\u00e9 et le s\u00e9rieux de leur travail qui permettra d\u2019orienter les am\u00e9nagements paysagers dans les ann\u00e9es \u00e0 venir.<\/p>\n","protected":false},"excerpt":{"rendered":"<p>Ce lundi, la mairie accueillait le groupe des 6 \u00e9l\u00e8ves du BTS am\u00e9nagement paysager de la Maison Familiale Rurale de Chargey-les-Gray qui travaillaient depuis octobre 2010, dans le cadre de leur scolarit\u00e9, \u00a0sur des sujets propos\u00e9s par la commune. Ils &hellip; <a href=\"http:\/\/www.choye.fr\/?p=2404\">Continuer la lecture <span class=\"meta-nav\">&rarr;<\/span><\/a><\/p>\n","protected":false},"author":258,"featured_media":0,"comment_status":"open","ping_status":"open","sticky":false,"template":"","format":"standard","meta":{"ngg_post_thumbnail":0},"categories":[11],"tags":[],"post_mailing_queue_ids":[],"_links":{"self":[{"href":"http:\/\/www.choye.fr\/index.php?rest_route=\/wp\/v2\/posts\/2404"}],"collection":[{"href":"http:\/\/www.choye.fr\/index.php?rest_route=\/wp\/v2\/posts"}],"about":[{"href":"http:\/\/www.choye.fr\/index.php?rest_route=\/wp\/v2\/types\/post"}],"author":[{"embeddable":true,"href":"http:\/\/www.choye.fr\/index.php?rest_route=\/wp\/v2\/users\/258"}],"replies":[{"embeddable":true,"href":"http:\/\/www.choye.fr\/index.php?rest_route=%2Fwp%2Fv2%2Fcomments&post=2404"}],"version-history":[{"count":1,"href":"http:\/\/www.choye.fr\/index.php?rest_route=\/wp\/v2\/posts\/2404\/revisions"}],"predecessor-version":[{"id":2405,"href":"http:\/\/www.choye.fr\/index.php?rest_route=\/wp\/v2\/posts\/2404\/revisions\/2405"}],"wp:attachment":[{"href":"http:\/\/www.choye.fr\/index.php?rest_route=%2Fwp%2Fv2%2Fmedia&parent=2404"}],"wp:term":[{"taxonomy":"category","embeddable":true,"href":"http:\/\/www.choye.fr\/index.php?rest_route=%2Fwp%2Fv2%2Fcategories&post=2404"},{"taxonomy":"post_tag","embeddable":true,"href":"http:\/\/www.choye.fr\/index.php?rest_route=%2Fwp%2Fv2%2Ftags&post=2404"}],"curies":[{"name":"wp","href":"https:\/\/api.w.org\/{rel}","templated":true}]}}