{"id":2379,"date":"2011-03-08T20:52:04","date_gmt":"2011-03-08T19:52:04","guid":{"rendered":"http:\/\/www.choye.fr\/?p=2379"},"modified":"2011-03-08T20:53:29","modified_gmt":"2011-03-08T19:53:29","slug":"un-nouveau-toit-pour-la-gare","status":"publish","type":"post","link":"http:\/\/www.choye.fr\/?p=2379","title":{"rendered":"Un nouveau toit pour la gare"},"content":{"rendered":"<p style=\"text-align: justify;\"><a href=\"http:\/\/www.choye.fr\/wp-content\/uploads\/2011\/03\/gare-toit.jpg\"><img decoding=\"async\" loading=\"lazy\" class=\"alignleft size-thumbnail wp-image-2378\" title=\"gare-toit\" src=\"http:\/\/www.choye.fr\/wp-content\/uploads\/2011\/03\/gare-toit-120x90.jpg\" alt=\"\" width=\"120\" height=\"90\" srcset=\"http:\/\/www.choye.fr\/wp-content\/uploads\/2011\/03\/gare-toit-120x90.jpg 120w, http:\/\/www.choye.fr\/wp-content\/uploads\/2011\/03\/gare-toit-300x225.jpg 300w, http:\/\/www.choye.fr\/wp-content\/uploads\/2011\/03\/gare-toit.jpg 448w\" sizes=\"(max-width: 120px) 100vw, 120px\" \/><\/a>La gare du tacot ne fonctionne plus depuis 1937, date de la fermeture de la ligne qui reliait Gy \u00e0 Marnay. Elle est, depuis cette date, utilis\u00e9e comme local communal. Notre gare fait\u00a0partie int\u00e9grante du patrimoine et de la m\u00e9moire de Choye. C&rsquo;est Roger Burgy,\u00a0amoureux de la gare, qui a r\u00e9cup\u00e9r\u00e9 les mat\u00e9riaux pour r\u00e9nover le toit qui commen\u00e7ait \u00e0 manifester quelques signes de faiblesse. Des tuiles ont \u00e9t\u00e9 offertes par Michel Saillard. Les chevrons ont \u00e9t\u00e9 sci\u00e9s \u00e0 partir de bois de la for\u00eat communale. Sont encore recherch\u00e9es des tuiles de rive d&rsquo;\u00e9poque. Le chantier est men\u00e9 b\u00e9n\u00e9volement par Roger Burgy, Michel Faradon, Hubert Petitjean, Bernard Rota, Francis Roll\u00e9e avec Jo\u00ebl Marcel notre directeur des services techniques. Merci \u00e0 tous.<\/p>\n","protected":false},"excerpt":{"rendered":"<p>La gare du tacot ne fonctionne plus depuis 1937, date de la fermeture de la ligne qui reliait Gy \u00e0 Marnay. Elle est, depuis cette date, utilis\u00e9e comme local communal. Notre gare fait\u00a0partie int\u00e9grante du patrimoine et de la m\u00e9moire &hellip; <a href=\"http:\/\/www.choye.fr\/?p=2379\">Continuer la lecture <span class=\"meta-nav\">&rarr;<\/span><\/a><\/p>\n","protected":false},"author":258,"featured_media":0,"comment_status":"open","ping_status":"open","sticky":false,"template":"","format":"standard","meta":{"ngg_post_thumbnail":0},"categories":[10,11],"tags":[],"post_mailing_queue_ids":[],"_links":{"self":[{"href":"http:\/\/www.choye.fr\/index.php?rest_route=\/wp\/v2\/posts\/2379"}],"collection":[{"href":"http:\/\/www.choye.fr\/index.php?rest_route=\/wp\/v2\/posts"}],"about":[{"href":"http:\/\/www.choye.fr\/index.php?rest_route=\/wp\/v2\/types\/post"}],"author":[{"embeddable":true,"href":"http:\/\/www.choye.fr\/index.php?rest_route=\/wp\/v2\/users\/258"}],"replies":[{"embeddable":true,"href":"http:\/\/www.choye.fr\/index.php?rest_route=%2Fwp%2Fv2%2Fcomments&post=2379"}],"version-history":[{"count":2,"href":"http:\/\/www.choye.fr\/index.php?rest_route=\/wp\/v2\/posts\/2379\/revisions"}],"predecessor-version":[{"id":2381,"href":"http:\/\/www.choye.fr\/index.php?rest_route=\/wp\/v2\/posts\/2379\/revisions\/2381"}],"wp:attachment":[{"href":"http:\/\/www.choye.fr\/index.php?rest_route=%2Fwp%2Fv2%2Fmedia&parent=2379"}],"wp:term":[{"taxonomy":"category","embeddable":true,"href":"http:\/\/www.choye.fr\/index.php?rest_route=%2Fwp%2Fv2%2Fcategories&post=2379"},{"taxonomy":"post_tag","embeddable":true,"href":"http:\/\/www.choye.fr\/index.php?rest_route=%2Fwp%2Fv2%2Ftags&post=2379"}],"curies":[{"name":"wp","href":"https:\/\/api.w.org\/{rel}","templated":true}]}}