{"id":2355,"date":"2011-03-12T20:30:40","date_gmt":"2011-03-12T19:30:40","guid":{"rendered":"http:\/\/www.choye.fr\/?p=2355"},"modified":"2011-03-13T18:27:42","modified_gmt":"2011-03-13T17:27:42","slug":"randonnee-traces-danimaux","status":"publish","type":"post","link":"http:\/\/www.choye.fr\/?p=2355","title":{"rendered":"Randonn\u00e9e traces d&rsquo;animaux"},"content":{"rendered":"<p style=\"text-align: justify;\"><a href=\"http:\/\/www.choye.fr\/wp-content\/uploads\/2011\/02\/trace.jpg\"><\/a><a href=\"http:\/\/www.choye.fr\/wp-content\/uploads\/2011\/03\/20110312-randonnee-ot.jpg\"><img decoding=\"async\" loading=\"lazy\" class=\"alignleft size-thumbnail wp-image-2384\" title=\"20110312-randonnee-ot\" src=\"http:\/\/www.choye.fr\/wp-content\/uploads\/2011\/03\/20110312-randonnee-ot-120x90.jpg\" alt=\"\" width=\"120\" height=\"90\" srcset=\"http:\/\/www.choye.fr\/wp-content\/uploads\/2011\/03\/20110312-randonnee-ot-120x90.jpg 120w, http:\/\/www.choye.fr\/wp-content\/uploads\/2011\/03\/20110312-randonnee-ot-300x225.jpg 300w, http:\/\/www.choye.fr\/wp-content\/uploads\/2011\/03\/20110312-randonnee-ot.jpg 448w\" sizes=\"(max-width: 120px) 100vw, 120px\" \/><\/a>L&rsquo;office du tourisme des Monts de Gy a organis\u00e9 ce samedi\u00a0une randonn\u00e9e p\u00e9destre au d\u00e9part de Choye. Par une temp\u00e9rature printani\u00e8re, sous un ciel nuageux, 35 personnes\u00a0ont suivi attentivement les explications de S\u00e9verine et Olivier tout le long d&rsquo;un parcours d&rsquo;environ 8 kilom\u00e8tres permettant de d\u00e9couvrir les traces de nombreux animaux (cerfs, chevreuils, sangliers, renards&#8230;).\u00a0Au retour, un go\u00fbter pr\u00e9par\u00e9 par S\u00e9verine a permis \u00e0 tous de se reposer et de d\u00e9guster cr\u00eapes et beignets. De l&rsquo;avis de tous, un excellent apr\u00e8s-midi.<\/p>\n","protected":false},"excerpt":{"rendered":"<p>L&rsquo;office du tourisme des Monts de Gy a organis\u00e9 ce samedi\u00a0une randonn\u00e9e p\u00e9destre au d\u00e9part de Choye. Par une temp\u00e9rature printani\u00e8re, sous un ciel nuageux, 35 personnes\u00a0ont suivi attentivement les explications de S\u00e9verine et Olivier tout le long d&rsquo;un parcours &hellip; <a href=\"http:\/\/www.choye.fr\/?p=2355\">Continuer la lecture <span class=\"meta-nav\">&rarr;<\/span><\/a><\/p>\n","protected":false},"author":258,"featured_media":0,"comment_status":"open","ping_status":"open","sticky":false,"template":"","format":"standard","meta":{"ngg_post_thumbnail":0},"categories":[6],"tags":[],"post_mailing_queue_ids":[],"_links":{"self":[{"href":"http:\/\/www.choye.fr\/index.php?rest_route=\/wp\/v2\/posts\/2355"}],"collection":[{"href":"http:\/\/www.choye.fr\/index.php?rest_route=\/wp\/v2\/posts"}],"about":[{"href":"http:\/\/www.choye.fr\/index.php?rest_route=\/wp\/v2\/types\/post"}],"author":[{"embeddable":true,"href":"http:\/\/www.choye.fr\/index.php?rest_route=\/wp\/v2\/users\/258"}],"replies":[{"embeddable":true,"href":"http:\/\/www.choye.fr\/index.php?rest_route=%2Fwp%2Fv2%2Fcomments&post=2355"}],"version-history":[{"count":3,"href":"http:\/\/www.choye.fr\/index.php?rest_route=\/wp\/v2\/posts\/2355\/revisions"}],"predecessor-version":[{"id":2383,"href":"http:\/\/www.choye.fr\/index.php?rest_route=\/wp\/v2\/posts\/2355\/revisions\/2383"}],"wp:attachment":[{"href":"http:\/\/www.choye.fr\/index.php?rest_route=%2Fwp%2Fv2%2Fmedia&parent=2355"}],"wp:term":[{"taxonomy":"category","embeddable":true,"href":"http:\/\/www.choye.fr\/index.php?rest_route=%2Fwp%2Fv2%2Fcategories&post=2355"},{"taxonomy":"post_tag","embeddable":true,"href":"http:\/\/www.choye.fr\/index.php?rest_route=%2Fwp%2Fv2%2Ftags&post=2355"}],"curies":[{"name":"wp","href":"https:\/\/api.w.org\/{rel}","templated":true}]}}