{"id":2348,"date":"2011-02-23T16:23:03","date_gmt":"2011-02-23T15:23:03","guid":{"rendered":"http:\/\/www.choye.fr\/?p=2348"},"modified":"2011-02-25T19:46:46","modified_gmt":"2011-02-25T18:46:46","slug":"cabanes-de-limp","status":"publish","type":"post","link":"http:\/\/www.choye.fr\/?p=2348","title":{"rendered":"Cabanes de l&rsquo;IMP"},"content":{"rendered":"<p style=\"text-align: justify;\"><a href=\"http:\/\/www.choye.fr\/wp-content\/uploads\/2011\/02\/cabane-31.jpg\"><img decoding=\"async\" loading=\"lazy\" class=\"alignleft size-thumbnail wp-image-2350\" title=\"cabane-31\" src=\"http:\/\/www.choye.fr\/wp-content\/uploads\/2011\/02\/cabane-31-120x90.jpg\" alt=\"\" width=\"120\" height=\"90\" srcset=\"http:\/\/www.choye.fr\/wp-content\/uploads\/2011\/02\/cabane-31-120x90.jpg 120w, http:\/\/www.choye.fr\/wp-content\/uploads\/2011\/02\/cabane-31-768x576.jpg 768w, http:\/\/www.choye.fr\/wp-content\/uploads\/2011\/02\/cabane-31-300x225.jpg 300w, http:\/\/www.choye.fr\/wp-content\/uploads\/2011\/02\/cabane-31.jpg 800w\" sizes=\"(max-width: 120px) 100vw, 120px\" \/><\/a>L&rsquo;IMP est propri\u00e9taire de 8ha de terrain sur la zone des Crotti\u00e8res (friches et bosquets). Depuis plusieurs ann\u00e9es une partie de ce terrain sert \u00e0 notre activit\u00e9 \u00ab\u00a0cabanes\u00a0\u00bb, endroit o\u00f9 les enfants, en compagnie des \u00e9ducateurs, construisent des cabanes avec l&rsquo;apport de divers mat\u00e9riaux de r\u00e9cup\u00e9ration.<\/p>\n<p style=\"text-align: justify;\">Il appara\u00eet de mani\u00e8re assez r\u00e9curente que ces cabanes font l&rsquo;objet de <strong>destruction \u00ab\u00a0violente\u00a0\u00bb <\/strong>de la part de tiers en g\u00e9n\u00e9ral lors de vacances des enfants de l&rsquo;IMP ( ce fut le cas pour les cong\u00e9s de Noel dernier ). Ces faits de par leur intensit\u00e9, laissent \u00e0 penser \u00e0 une intervention d&rsquo;adultes ou d&rsquo;adolescents[&#8230;]<\/p>\n<p><strong>Jean Luc Dumont<br \/>\n<\/strong>Chef \u00e9ducateur \u00e0 l&rsquo;IMP<br \/>\nMaire honoraire de Choye<\/p>\n<p><a href=\"http:\/\/www.choye.fr\/wp-content\/uploads\/2011\/02\/cabane-1.jpg\"><img decoding=\"async\" loading=\"lazy\" class=\"alignnone size-thumbnail wp-image-2351\" title=\"cabane-1\" src=\"http:\/\/www.choye.fr\/wp-content\/uploads\/2011\/02\/cabane-1-120x90.jpg\" alt=\"\" width=\"120\" height=\"90\" srcset=\"http:\/\/www.choye.fr\/wp-content\/uploads\/2011\/02\/cabane-1-120x90.jpg 120w, http:\/\/www.choye.fr\/wp-content\/uploads\/2011\/02\/cabane-1-768x576.jpg 768w, http:\/\/www.choye.fr\/wp-content\/uploads\/2011\/02\/cabane-1-300x225.jpg 300w, http:\/\/www.choye.fr\/wp-content\/uploads\/2011\/02\/cabane-1.jpg 800w\" sizes=\"(max-width: 120px) 100vw, 120px\" \/><\/a> <a href=\"http:\/\/www.choye.fr\/wp-content\/uploads\/2011\/02\/cabane-2.jpg\"><img decoding=\"async\" loading=\"lazy\" class=\"alignnone size-thumbnail wp-image-2352\" title=\"cabane-2\" src=\"http:\/\/www.choye.fr\/wp-content\/uploads\/2011\/02\/cabane-2-120x90.jpg\" alt=\"\" width=\"120\" height=\"90\" srcset=\"http:\/\/www.choye.fr\/wp-content\/uploads\/2011\/02\/cabane-2-120x90.jpg 120w, http:\/\/www.choye.fr\/wp-content\/uploads\/2011\/02\/cabane-2-768x576.jpg 768w, http:\/\/www.choye.fr\/wp-content\/uploads\/2011\/02\/cabane-2-300x225.jpg 300w, http:\/\/www.choye.fr\/wp-content\/uploads\/2011\/02\/cabane-2.jpg 800w\" sizes=\"(max-width: 120px) 100vw, 120px\" \/><\/a><\/p>\n","protected":false},"excerpt":{"rendered":"<p>L&rsquo;IMP est propri\u00e9taire de 8ha de terrain sur la zone des Crotti\u00e8res (friches et bosquets). Depuis plusieurs ann\u00e9es une partie de ce terrain sert \u00e0 notre activit\u00e9 \u00ab\u00a0cabanes\u00a0\u00bb, endroit o\u00f9 les enfants, en compagnie des \u00e9ducateurs, construisent des cabanes avec &hellip; <a href=\"http:\/\/www.choye.fr\/?p=2348\">Continuer la lecture <span class=\"meta-nav\">&rarr;<\/span><\/a><\/p>\n","protected":false},"author":258,"featured_media":0,"comment_status":"open","ping_status":"open","sticky":false,"template":"","format":"standard","meta":{"ngg_post_thumbnail":0},"categories":[11],"tags":[],"post_mailing_queue_ids":[],"_links":{"self":[{"href":"http:\/\/www.choye.fr\/index.php?rest_route=\/wp\/v2\/posts\/2348"}],"collection":[{"href":"http:\/\/www.choye.fr\/index.php?rest_route=\/wp\/v2\/posts"}],"about":[{"href":"http:\/\/www.choye.fr\/index.php?rest_route=\/wp\/v2\/types\/post"}],"author":[{"embeddable":true,"href":"http:\/\/www.choye.fr\/index.php?rest_route=\/wp\/v2\/users\/258"}],"replies":[{"embeddable":true,"href":"http:\/\/www.choye.fr\/index.php?rest_route=%2Fwp%2Fv2%2Fcomments&post=2348"}],"version-history":[{"count":4,"href":"http:\/\/www.choye.fr\/index.php?rest_route=\/wp\/v2\/posts\/2348\/revisions"}],"predecessor-version":[{"id":2360,"href":"http:\/\/www.choye.fr\/index.php?rest_route=\/wp\/v2\/posts\/2348\/revisions\/2360"}],"wp:attachment":[{"href":"http:\/\/www.choye.fr\/index.php?rest_route=%2Fwp%2Fv2%2Fmedia&parent=2348"}],"wp:term":[{"taxonomy":"category","embeddable":true,"href":"http:\/\/www.choye.fr\/index.php?rest_route=%2Fwp%2Fv2%2Fcategories&post=2348"},{"taxonomy":"post_tag","embeddable":true,"href":"http:\/\/www.choye.fr\/index.php?rest_route=%2Fwp%2Fv2%2Ftags&post=2348"}],"curies":[{"name":"wp","href":"https:\/\/api.w.org\/{rel}","templated":true}]}}