{"id":2335,"date":"2011-02-22T13:02:58","date_gmt":"2011-02-22T12:02:58","guid":{"rendered":"http:\/\/www.choye.fr\/?p=2335"},"modified":"2011-02-22T13:02:58","modified_gmt":"2011-02-22T12:02:58","slug":"deces-de-patrick-perrot","status":"publish","type":"post","link":"http:\/\/www.choye.fr\/?p=2335","title":{"rendered":"D\u00e9c\u00e8s de Patrick PERROT"},"content":{"rendered":"<p><a href=\"http:\/\/www.choye.fr\/wp-content\/uploads\/2011\/02\/ciel-120x90.jpg\"><img decoding=\"async\" loading=\"lazy\" class=\"alignleft size-thumbnail wp-image-2334\" title=\"ciel-120x90\" src=\"http:\/\/www.choye.fr\/wp-content\/uploads\/2011\/02\/ciel-120x90.jpg\" alt=\"\" width=\"120\" height=\"90\" \/><\/a>Patrick Perrot, 40 ans, est d\u00e9c\u00e9d\u00e9 \u00e0 Choye le\u00a0lundi 21 f\u00e9vrier 2011.\u00a0Condol\u00e9ances.<\/p>\n","protected":false},"excerpt":{"rendered":"<p>Patrick Perrot, 40 ans, est d\u00e9c\u00e9d\u00e9 \u00e0 Choye le\u00a0lundi 21 f\u00e9vrier 2011.\u00a0Condol\u00e9ances.<\/p>\n","protected":false},"author":258,"featured_media":0,"comment_status":"open","ping_status":"open","sticky":false,"template":"","format":"standard","meta":{"ngg_post_thumbnail":0},"categories":[24],"tags":[],"post_mailing_queue_ids":[],"_links":{"self":[{"href":"http:\/\/www.choye.fr\/index.php?rest_route=\/wp\/v2\/posts\/2335"}],"collection":[{"href":"http:\/\/www.choye.fr\/index.php?rest_route=\/wp\/v2\/posts"}],"about":[{"href":"http:\/\/www.choye.fr\/index.php?rest_route=\/wp\/v2\/types\/post"}],"author":[{"embeddable":true,"href":"http:\/\/www.choye.fr\/index.php?rest_route=\/wp\/v2\/users\/258"}],"replies":[{"embeddable":true,"href":"http:\/\/www.choye.fr\/index.php?rest_route=%2Fwp%2Fv2%2Fcomments&post=2335"}],"version-history":[{"count":1,"href":"http:\/\/www.choye.fr\/index.php?rest_route=\/wp\/v2\/posts\/2335\/revisions"}],"predecessor-version":[{"id":2336,"href":"http:\/\/www.choye.fr\/index.php?rest_route=\/wp\/v2\/posts\/2335\/revisions\/2336"}],"wp:attachment":[{"href":"http:\/\/www.choye.fr\/index.php?rest_route=%2Fwp%2Fv2%2Fmedia&parent=2335"}],"wp:term":[{"taxonomy":"category","embeddable":true,"href":"http:\/\/www.choye.fr\/index.php?rest_route=%2Fwp%2Fv2%2Fcategories&post=2335"},{"taxonomy":"post_tag","embeddable":true,"href":"http:\/\/www.choye.fr\/index.php?rest_route=%2Fwp%2Fv2%2Ftags&post=2335"}],"curies":[{"name":"wp","href":"https:\/\/api.w.org\/{rel}","templated":true}]}}