{"id":2319,"date":"2011-02-21T23:21:14","date_gmt":"2011-02-21T22:21:14","guid":{"rendered":"http:\/\/www.choye.fr\/?p=2319"},"modified":"2011-03-17T14:54:43","modified_gmt":"2011-03-17T13:54:43","slug":"conseil-municipal-9","status":"publish","type":"post","link":"http:\/\/www.choye.fr\/?p=2319","title":{"rendered":"Conseil Municipal"},"content":{"rendered":"<p style=\"text-align: justify;\"><a href=\"http:\/\/www.choye.fr\/wp-content\/uploads\/2011\/02\/mairie-nouvelle-2-120x90.jpg\"><img decoding=\"async\" loading=\"lazy\" class=\"alignleft size-thumbnail wp-image-2318\" title=\"mairie-nouvelle-2-120x90\" src=\"http:\/\/www.choye.fr\/wp-content\/uploads\/2011\/02\/mairie-nouvelle-2-120x90.jpg\" alt=\"\" width=\"120\" height=\"90\" \/><\/a><\/p>\n<p style=\"MARGIN: 0cm 0cm 0pt; TEXT-INDENT: 0cm; TEXT-ALIGN: justify; mso-list: l1 level1 lfo1\"><strong>1.Plan d\u2019am\u00e9nagement de la for\u00eat communale <\/strong>:\u00a0Le conseil municipal approuve le travail engag\u00e9 par l\u2019ONF et la commission bois du conseil municipal pour \u00e9tudier un plan d\u2019am\u00e9nagement de la for\u00eat communale pour la p\u00e9riode 2012-2031.\u00a0<strong>2. Activit\u00e9 piscine<\/strong>\u00a0:\u00a0En 2010, l\u2019ouverture a \u00e9t\u00e9 \u00e9largie aux habitants des communes de Velloreille-les-Choye et Villefrancon dans le cadre d\u2019une convention sign\u00e9e entre ces trois communes. 181 entr\u00e9es adultes et 349 entr\u00e9es enfants\u00a0soit 530 entr\u00e9es ont \u00e9t\u00e9 r\u00e9alis\u00e9es en 2010 soit une augmentation de 45% par rapport \u00e0 2009 (366 entr\u00e9es). Le d\u00e9ficit s\u2019est \u00e9lev\u00e9 \u00e0 2049,92 \u20ac pris en charge par les trois communes dont 1312,83 \u20ac pour Choye, 260.37 \u20ac pour Velloreille-les-Choye et 476,73 \u20ac pour Villefrancon.\u00a0<strong>3.\u00a0Syndicat de <\/strong><strong>la Morthe<\/strong> :\u00a0Le conseil municipal autorise le maire \u00e0 verser la cotisation annuelle \u00e0 hauteur 1 061,85 \u20ac.<span style=\"font-family: Verdana; font-size: 12pt;\">\u00a0<\/span><strong>5.\u00a0B\u00e2timent communal de stockage de mat\u00e9riel d\u2019entretien<\/strong> :\u00a0Le conseil municipal approuve le projet de nouveau b\u00e2timent permettant la\u00a0mise aux normes du stockage du mat\u00e9riel d\u2019entretien et l\u2019am\u00e9lioration des conditions de travail de l\u2019agent communal. Le montant total des travaux est estim\u00e9 \u00e0 43\u00a0000 \u20ac. Le conseil municipal sollicite une subvention de l\u2019Etat \u00e0 hauteur de 50%.\u00a0<strong>6.\u00a0Tableau de voirie<\/strong> :\u00a0Le conseil municipal d\u00e9cide de d\u00e9nommer\u00a0:\u00a0Rue de Rozan l\u2019impasse qui d\u00e9bouche \u00e0 l\u2019Est de la rue de Cugney,\u00a0Chemin de la c\u00f4te aux cerisiers la rue entre la rue de Virey et le lotissement communal,\u00a0Rue des longues Rayes l\u2019impasse qui d\u00e9bouche au Nord de la Grande rue.\u00a08<strong>.\u00a0Modification des statuts de la communaut\u00e9 de communes<\/strong>\u00a0: Le conseil municipal approuve le transfert de la\u00a0comp\u00e9tence \u00ab\u00a0Assainisement non collectif\u00a0\u00bb \u00e0 la communaut\u00e9 de communes.<\/p>\n","protected":false},"excerpt":{"rendered":"<p>1.Plan d\u2019am\u00e9nagement de la for\u00eat communale :\u00a0Le conseil municipal approuve le travail engag\u00e9 par l\u2019ONF et la commission bois du conseil municipal pour \u00e9tudier un plan d\u2019am\u00e9nagement de la for\u00eat communale pour la p\u00e9riode 2012-2031.\u00a02. Activit\u00e9 piscine\u00a0:\u00a0En 2010, l\u2019ouverture a &hellip; <a href=\"http:\/\/www.choye.fr\/?p=2319\">Continuer la lecture <span class=\"meta-nav\">&rarr;<\/span><\/a><\/p>\n","protected":false},"author":258,"featured_media":0,"comment_status":"open","ping_status":"open","sticky":false,"template":"","format":"standard","meta":{"ngg_post_thumbnail":0},"categories":[30],"tags":[],"post_mailing_queue_ids":[],"_links":{"self":[{"href":"http:\/\/www.choye.fr\/index.php?rest_route=\/wp\/v2\/posts\/2319"}],"collection":[{"href":"http:\/\/www.choye.fr\/index.php?rest_route=\/wp\/v2\/posts"}],"about":[{"href":"http:\/\/www.choye.fr\/index.php?rest_route=\/wp\/v2\/types\/post"}],"author":[{"embeddable":true,"href":"http:\/\/www.choye.fr\/index.php?rest_route=\/wp\/v2\/users\/258"}],"replies":[{"embeddable":true,"href":"http:\/\/www.choye.fr\/index.php?rest_route=%2Fwp%2Fv2%2Fcomments&post=2319"}],"version-history":[{"count":9,"href":"http:\/\/www.choye.fr\/index.php?rest_route=\/wp\/v2\/posts\/2319\/revisions"}],"predecessor-version":[{"id":2393,"href":"http:\/\/www.choye.fr\/index.php?rest_route=\/wp\/v2\/posts\/2319\/revisions\/2393"}],"wp:attachment":[{"href":"http:\/\/www.choye.fr\/index.php?rest_route=%2Fwp%2Fv2%2Fmedia&parent=2319"}],"wp:term":[{"taxonomy":"category","embeddable":true,"href":"http:\/\/www.choye.fr\/index.php?rest_route=%2Fwp%2Fv2%2Fcategories&post=2319"},{"taxonomy":"post_tag","embeddable":true,"href":"http:\/\/www.choye.fr\/index.php?rest_route=%2Fwp%2Fv2%2Ftags&post=2319"}],"curies":[{"name":"wp","href":"https:\/\/api.w.org\/{rel}","templated":true}]}}