{"id":2299,"date":"2011-01-17T22:41:41","date_gmt":"2011-01-17T21:41:41","guid":{"rendered":"http:\/\/www.choye.fr\/?p=2299"},"modified":"2011-01-21T17:11:23","modified_gmt":"2011-01-21T16:11:23","slug":"vouex-de-la-communaute-de-communes","status":"publish","type":"post","link":"http:\/\/www.choye.fr\/?p=2299","title":{"rendered":"Voeux de la communaut\u00e9 de communes"},"content":{"rendered":"<p class=\"MsoTitle\" style=\"margin: 0cm 0cm 0pt; text-align: justify;\"><span style=\"font-weight: normal; font-size: 14pt; font-family: Verdana; mso-bidi-font-family: Tahoma; mso-bidi-font-weight: bold;\">\u00a0\u00a0\u00a0\u00a0\u00a0\u00a0\u00a0\u00a0<a href=\"http:\/\/www.choye.fr\/wp-content\/uploads\/2011\/01\/voeux202011200101.jpg\"><img decoding=\"async\" loading=\"lazy\" class=\"alignleft size-thumbnail wp-image-2298\" title=\"voeux202011200101\" src=\"http:\/\/www.choye.fr\/wp-content\/uploads\/2011\/01\/voeux202011200101-120x90.jpg\" alt=\"\" width=\"120\" height=\"90\" srcset=\"http:\/\/www.choye.fr\/wp-content\/uploads\/2011\/01\/voeux202011200101-120x90.jpg 120w, http:\/\/www.choye.fr\/wp-content\/uploads\/2011\/01\/voeux202011200101-768x576.jpg 768w, http:\/\/www.choye.fr\/wp-content\/uploads\/2011\/01\/voeux202011200101-1024x768.jpg 1024w, http:\/\/www.choye.fr\/wp-content\/uploads\/2011\/01\/voeux202011200101-300x225.jpg 300w, http:\/\/www.choye.fr\/wp-content\/uploads\/2011\/01\/voeux202011200101.jpg 1600w\" sizes=\"(max-width: 120px) 100vw, 120px\" \/><\/a>\u00a0\u00a0\u00a0\u00a0\u00a0\u00a0\u00a0\u00a0\u00a0<\/span>Choye accueillait ce lundi la c\u00e9r\u00e9monie des voeux de la communaut\u00e9 de communes au gymnase de l&rsquo;IMP. L&rsquo;occasion pour le Pr\u00e9sident, Guy Chevanne, de pr\u00e9ciser les priorit\u00e9s 2011:\u00a0le d\u00e9veloppement \u00e9conomique\u00a0avec le second h\u00f4tel d\u2019entreprise construit en partenariat avec \u00ab\u00a0Action 70\u00a0\u00bb sur la zone d\u2019activit\u00e9s de Gy, l&rsquo;accueil p\u00e9riscolaire avec la fin des travaux de\u00a0 Fresne-Saint-Mam\u00e8s et\u00a0 l&rsquo;engagement de ceux de Fr\u00e9tigney-et-Velloreille, l&rsquo;environnement\u00a0avec la\u00a0collecte s\u00e9lective des ordures m\u00e9nag\u00e8res, l&rsquo;am\u00e9nagement d\u2019une d\u00e9chetterie \u00e0 Fr\u00e9tigney en partenariat avec le SYTEVOM, la r\u00e9habilitation de la d\u00e9charge de Velleclaire, et la poursuite des actions en mati\u00e8re d\u2019assainissement en partenariat avec l\u2019Agence de l\u2019eau, la\u00a0deuxi\u00e8me phase du Programme pluriannuel de voirie, le portail Internet des Monts de Gy, renforcement du partenariat avec l\u2019Office de tourisme des Monts de Gy, et la poursuite du travail avec les associations.\u00a0 La soir\u00e9e a \u00e9t\u00e9 conclue par un spectacle pr\u00e9par\u00e9 par les enfants de l&rsquo;accueil p\u00e9riscolaire de Gy et le vin d&rsquo;honneur servi par les enfants de l&rsquo;IMP.<\/p>\n","protected":false},"excerpt":{"rendered":"<p>\u00a0\u00a0\u00a0\u00a0\u00a0\u00a0\u00a0\u00a0\u00a0\u00a0\u00a0\u00a0\u00a0\u00a0\u00a0\u00a0\u00a0Choye accueillait ce lundi la c\u00e9r\u00e9monie des voeux de la communaut\u00e9 de communes au gymnase de l&rsquo;IMP. L&rsquo;occasion pour le Pr\u00e9sident, Guy Chevanne, de pr\u00e9ciser les priorit\u00e9s 2011:\u00a0le d\u00e9veloppement \u00e9conomique\u00a0avec le second h\u00f4tel d\u2019entreprise construit en partenariat avec \u00ab\u00a0Action 70\u00a0\u00bb &hellip; <a href=\"http:\/\/www.choye.fr\/?p=2299\">Continuer la lecture <span class=\"meta-nav\">&rarr;<\/span><\/a><\/p>\n","protected":false},"author":258,"featured_media":0,"comment_status":"open","ping_status":"open","sticky":false,"template":"","format":"standard","meta":{"ngg_post_thumbnail":0},"categories":[22],"tags":[],"post_mailing_queue_ids":[],"_links":{"self":[{"href":"http:\/\/www.choye.fr\/index.php?rest_route=\/wp\/v2\/posts\/2299"}],"collection":[{"href":"http:\/\/www.choye.fr\/index.php?rest_route=\/wp\/v2\/posts"}],"about":[{"href":"http:\/\/www.choye.fr\/index.php?rest_route=\/wp\/v2\/types\/post"}],"author":[{"embeddable":true,"href":"http:\/\/www.choye.fr\/index.php?rest_route=\/wp\/v2\/users\/258"}],"replies":[{"embeddable":true,"href":"http:\/\/www.choye.fr\/index.php?rest_route=%2Fwp%2Fv2%2Fcomments&post=2299"}],"version-history":[{"count":3,"href":"http:\/\/www.choye.fr\/index.php?rest_route=\/wp\/v2\/posts\/2299\/revisions"}],"predecessor-version":[{"id":2304,"href":"http:\/\/www.choye.fr\/index.php?rest_route=\/wp\/v2\/posts\/2299\/revisions\/2304"}],"wp:attachment":[{"href":"http:\/\/www.choye.fr\/index.php?rest_route=%2Fwp%2Fv2%2Fmedia&parent=2299"}],"wp:term":[{"taxonomy":"category","embeddable":true,"href":"http:\/\/www.choye.fr\/index.php?rest_route=%2Fwp%2Fv2%2Fcategories&post=2299"},{"taxonomy":"post_tag","embeddable":true,"href":"http:\/\/www.choye.fr\/index.php?rest_route=%2Fwp%2Fv2%2Ftags&post=2299"}],"curies":[{"name":"wp","href":"https:\/\/api.w.org\/{rel}","templated":true}]}}