{"id":2270,"date":"2011-01-15T22:22:13","date_gmt":"2011-01-15T21:22:13","guid":{"rendered":"http:\/\/www.choye.fr\/?p=2270"},"modified":"2011-01-21T17:12:39","modified_gmt":"2011-01-21T16:12:39","slug":"voeux-de-la-municipalite-4","status":"publish","type":"post","link":"http:\/\/www.choye.fr\/?p=2270","title":{"rendered":"Voeux de la municipalit\u00e9"},"content":{"rendered":"<p class=\"MsoNormal\" style=\"TEXT-ALIGN: justify; MARGIN: 0cm 0cm 0pt\"><a href=\"http:\/\/www.choye.fr\/wp-content\/uploads\/2011\/01\/p1140011-copie.jpg\"><img decoding=\"async\" loading=\"lazy\" class=\"alignleft size-thumbnail wp-image-2293\" title=\"p1140011-copie\" src=\"http:\/\/www.choye.fr\/wp-content\/uploads\/2011\/01\/p1140011-copie-120x90.jpg\" alt=\"\" width=\"120\" height=\"90\" srcset=\"http:\/\/www.choye.fr\/wp-content\/uploads\/2011\/01\/p1140011-copie-120x90.jpg 120w, http:\/\/www.choye.fr\/wp-content\/uploads\/2011\/01\/p1140011-copie-300x225.jpg 300w, http:\/\/www.choye.fr\/wp-content\/uploads\/2011\/01\/p1140011-copie.jpg 448w\" sizes=\"(max-width: 120px) 100vw, 120px\" \/><\/a>Environ 120 personnes ont particip\u00e9 \u00e0 la galette offerte par la municipalit\u00e9 ce samedi dans une ambiance chaleureuse au premier \u00e9tage du ch\u00e2teau. Le maire a remerci\u00e9 Philippe Jean, directeur de l&rsquo;IMP pour son accueil et les actions conduites en partenariat tout au long de l&rsquo;ann\u00e9e et a pr\u00e9sent\u00e9 les principales priorit\u00e9s pour 2011 : recensement de la population,\u00a0r\u00e9novation du patrimoine communal, plan local d&rsquo;urbanisme, protection de la source,\u00a0sch\u00e9ma directeur d&rsquo;assainissement,\u00a0op\u00e9ration programm\u00e9e d\u2019am\u00e9lioration de l\u2019habitat (OPAH),\u00a0animations&#8230;<span style=\"font-size: 13pt; color: #002060; font-family: 'Verdana','sans-serif'; mso-bidi-font-family: Tahoma;\">\u00a0<\/span>Il a\u00a0remerci\u00e9 tous ceux qui nous donnent b\u00e9n\u00e9volement de pr\u00e9cieux coups de main\u00a0pour la biblioth\u00e8que, le club la Colombine, Nicole Pauly,\u00a0les animations et les travaux.<\/p>\n","protected":false},"excerpt":{"rendered":"<p>Environ 120 personnes ont particip\u00e9 \u00e0 la galette offerte par la municipalit\u00e9 ce samedi dans une ambiance chaleureuse au premier \u00e9tage du ch\u00e2teau. Le maire a remerci\u00e9 Philippe Jean, directeur de l&rsquo;IMP pour son accueil et les actions conduites en &hellip; <a href=\"http:\/\/www.choye.fr\/?p=2270\">Continuer la lecture <span class=\"meta-nav\">&rarr;<\/span><\/a><\/p>\n","protected":false},"author":258,"featured_media":0,"comment_status":"open","ping_status":"open","sticky":false,"template":"","format":"standard","meta":{"ngg_post_thumbnail":0},"categories":[11,12],"tags":[],"post_mailing_queue_ids":[],"_links":{"self":[{"href":"http:\/\/www.choye.fr\/index.php?rest_route=\/wp\/v2\/posts\/2270"}],"collection":[{"href":"http:\/\/www.choye.fr\/index.php?rest_route=\/wp\/v2\/posts"}],"about":[{"href":"http:\/\/www.choye.fr\/index.php?rest_route=\/wp\/v2\/types\/post"}],"author":[{"embeddable":true,"href":"http:\/\/www.choye.fr\/index.php?rest_route=\/wp\/v2\/users\/258"}],"replies":[{"embeddable":true,"href":"http:\/\/www.choye.fr\/index.php?rest_route=%2Fwp%2Fv2%2Fcomments&post=2270"}],"version-history":[{"count":8,"href":"http:\/\/www.choye.fr\/index.php?rest_route=\/wp\/v2\/posts\/2270\/revisions"}],"predecessor-version":[{"id":2305,"href":"http:\/\/www.choye.fr\/index.php?rest_route=\/wp\/v2\/posts\/2270\/revisions\/2305"}],"wp:attachment":[{"href":"http:\/\/www.choye.fr\/index.php?rest_route=%2Fwp%2Fv2%2Fmedia&parent=2270"}],"wp:term":[{"taxonomy":"category","embeddable":true,"href":"http:\/\/www.choye.fr\/index.php?rest_route=%2Fwp%2Fv2%2Fcategories&post=2270"},{"taxonomy":"post_tag","embeddable":true,"href":"http:\/\/www.choye.fr\/index.php?rest_route=%2Fwp%2Fv2%2Ftags&post=2270"}],"curies":[{"name":"wp","href":"https:\/\/api.w.org\/{rel}","templated":true}]}}