{"id":2206,"date":"2010-12-04T17:28:02","date_gmt":"2010-12-04T16:28:02","guid":{"rendered":"http:\/\/www.choye.fr\/?p=2206"},"modified":"2010-12-05T17:33:24","modified_gmt":"2010-12-05T16:33:24","slug":"mise-en-place-des-decorations-de-noel","status":"publish","type":"post","link":"http:\/\/www.choye.fr\/?p=2206","title":{"rendered":"Mise en place des d\u00e9corations de No\u00ebl"},"content":{"rendered":"<p style=\"text-align: justify;\"><a href=\"http:\/\/www.choye.fr\/wp-content\/uploads\/2010\/12\/20101204-deco-noel.jpg\"><img decoding=\"async\" loading=\"lazy\" class=\"alignleft size-thumbnail wp-image-2205\" title=\"20101204-deco-noel\" src=\"http:\/\/www.choye.fr\/wp-content\/uploads\/2010\/12\/20101204-deco-noel-120x90.jpg\" alt=\"\" width=\"120\" height=\"90\" srcset=\"http:\/\/www.choye.fr\/wp-content\/uploads\/2010\/12\/20101204-deco-noel-120x90.jpg 120w, http:\/\/www.choye.fr\/wp-content\/uploads\/2010\/12\/20101204-deco-noel-300x225.jpg 300w, http:\/\/www.choye.fr\/wp-content\/uploads\/2010\/12\/20101204-deco-noel.jpg 448w\" sizes=\"(max-width: 120px) 100vw, 120px\" \/><\/a>La neige n&rsquo;a pas d\u00e9courag\u00e9 les b\u00e9n\u00e9voles\u00a0qui se sont retrouv\u00e9s sous le soleil et les pieds dans la neige ce samedi matin\u00a0sur la place pour\u00a0installer les traditionnelles d\u00e9corations de No\u00ebl. Le branchement principal et\u00a0la suspension de nouveaux motifs lumineux ont \u00e9t\u00e9 r\u00e9alis\u00e9s avec l\u2019aide de l\u2019entreprise Milleret de Charcenne.\u00a0La contribution des \u00e9lectriciens, Hubert Petitjean et Jacques Chevanne\u00a0a permis de r\u00e9aliser les \u00a0branchements n\u00e9cessaires aux guirlandes lumineuses. Merci \u00e0 cette sympathique \u00e9quipe!<\/p>\n","protected":false},"excerpt":{"rendered":"<p>La neige n&rsquo;a pas d\u00e9courag\u00e9 les b\u00e9n\u00e9voles\u00a0qui se sont retrouv\u00e9s sous le soleil et les pieds dans la neige ce samedi matin\u00a0sur la place pour\u00a0installer les traditionnelles d\u00e9corations de No\u00ebl. Le branchement principal et\u00a0la suspension de nouveaux motifs lumineux ont &hellip; <a href=\"http:\/\/www.choye.fr\/?p=2206\">Continuer la lecture <span class=\"meta-nav\">&rarr;<\/span><\/a><\/p>\n","protected":false},"author":258,"featured_media":0,"comment_status":"open","ping_status":"open","sticky":false,"template":"","format":"standard","meta":{"ngg_post_thumbnail":0},"categories":[1,11],"tags":[],"post_mailing_queue_ids":[],"_links":{"self":[{"href":"http:\/\/www.choye.fr\/index.php?rest_route=\/wp\/v2\/posts\/2206"}],"collection":[{"href":"http:\/\/www.choye.fr\/index.php?rest_route=\/wp\/v2\/posts"}],"about":[{"href":"http:\/\/www.choye.fr\/index.php?rest_route=\/wp\/v2\/types\/post"}],"author":[{"embeddable":true,"href":"http:\/\/www.choye.fr\/index.php?rest_route=\/wp\/v2\/users\/258"}],"replies":[{"embeddable":true,"href":"http:\/\/www.choye.fr\/index.php?rest_route=%2Fwp%2Fv2%2Fcomments&post=2206"}],"version-history":[{"count":2,"href":"http:\/\/www.choye.fr\/index.php?rest_route=\/wp\/v2\/posts\/2206\/revisions"}],"predecessor-version":[{"id":2208,"href":"http:\/\/www.choye.fr\/index.php?rest_route=\/wp\/v2\/posts\/2206\/revisions\/2208"}],"wp:attachment":[{"href":"http:\/\/www.choye.fr\/index.php?rest_route=%2Fwp%2Fv2%2Fmedia&parent=2206"}],"wp:term":[{"taxonomy":"category","embeddable":true,"href":"http:\/\/www.choye.fr\/index.php?rest_route=%2Fwp%2Fv2%2Fcategories&post=2206"},{"taxonomy":"post_tag","embeddable":true,"href":"http:\/\/www.choye.fr\/index.php?rest_route=%2Fwp%2Fv2%2Ftags&post=2206"}],"curies":[{"name":"wp","href":"https:\/\/api.w.org\/{rel}","templated":true}]}}