{"id":2165,"date":"2010-11-21T20:27:53","date_gmt":"2010-11-21T19:27:53","guid":{"rendered":"http:\/\/www.choye.fr\/?p=2165"},"modified":"2010-11-21T20:27:53","modified_gmt":"2010-11-21T19:27:53","slug":"maisons-en-ruines","status":"publish","type":"post","link":"http:\/\/www.choye.fr\/?p=2165","title":{"rendered":"Maisons en ruines"},"content":{"rendered":"<p style=\"text-align: justify; margin: 0cm 0cm 0pt;\"><a href=\"http:\/\/www.choye.fr\/wp-content\/uploads\/2010\/11\/vallet-220309-001-copie.jpg\"><img decoding=\"async\" loading=\"lazy\" class=\"alignleft size-thumbnail wp-image-2166\" title=\"vallet-220309-001-copie\" src=\"http:\/\/www.choye.fr\/wp-content\/uploads\/2010\/11\/vallet-220309-001-copie-120x90.jpg\" alt=\"\" width=\"120\" height=\"90\" srcset=\"http:\/\/www.choye.fr\/wp-content\/uploads\/2010\/11\/vallet-220309-001-copie-120x90.jpg 120w, http:\/\/www.choye.fr\/wp-content\/uploads\/2010\/11\/vallet-220309-001-copie-300x225.jpg 300w, http:\/\/www.choye.fr\/wp-content\/uploads\/2010\/11\/vallet-220309-001-copie.jpg 448w\" sizes=\"(max-width: 120px) 100vw, 120px\" \/><\/a>La propri\u00e9t\u00e9 Griffon, rue du Chatelet, n\u2019est plus entretenue depuis longtemps, l\u2019immeuble est en ruines, la v\u00e9g\u00e9tation envahissante, et, les acc\u00e8s ne sont pas s\u00e9curis\u00e9s. Un proc\u00e8s-verbal provisoire a \u00e9t\u00e9 dress\u00e9 en f\u00e9vrier 2010 et publi\u00e9 dans la Presse. A l&rsquo;issue du d\u00e9lai r\u00e8glementaire, le conseil municipal a d\u00e9cid\u00e9 de d\u00e9clarer les parcelles correspondantes en \u00e9tat d&rsquo;abandon manifeste et de poursuivre leur expropriation au profit de la commune pour y construire des logements.<span style=\"font-family: &quot;Verdana&quot;,&quot;sans-serif&quot;; font-size: 12pt;\">\u00a0<\/span><\/p>\n<p class=\"MsoNormal\" style=\"text-align: justify; margin: 0cm 0cm 0pt; mso-layout-grid-align: none;\">Concernant l&rsquo;immeuble mena\u00e7ant ruine, 15 Grande rue \u00e0 Choye, les propri\u00e9taires ont demand\u00e9 et obtenu le permis de construire pour y am\u00e9nager deux logements locatifs. La mairie leur a demand\u00e9 de confirmer les engagements pris en mati\u00e8re de d\u00e9lai de mise en s\u00e9curit\u00e9 du b\u00e2timent et de r\u00e9alisation des travaux.<\/p>\n","protected":false},"excerpt":{"rendered":"<p>La propri\u00e9t\u00e9 Griffon, rue du Chatelet, n\u2019est plus entretenue depuis longtemps, l\u2019immeuble est en ruines, la v\u00e9g\u00e9tation envahissante, et, les acc\u00e8s ne sont pas s\u00e9curis\u00e9s. Un proc\u00e8s-verbal provisoire a \u00e9t\u00e9 dress\u00e9 en f\u00e9vrier 2010 et publi\u00e9 dans la Presse. A &hellip; <a href=\"http:\/\/www.choye.fr\/?p=2165\">Continuer la lecture <span class=\"meta-nav\">&rarr;<\/span><\/a><\/p>\n","protected":false},"author":258,"featured_media":0,"comment_status":"open","ping_status":"open","sticky":false,"template":"","format":"standard","meta":{"ngg_post_thumbnail":0},"categories":[1,11],"tags":[],"post_mailing_queue_ids":[],"_links":{"self":[{"href":"http:\/\/www.choye.fr\/index.php?rest_route=\/wp\/v2\/posts\/2165"}],"collection":[{"href":"http:\/\/www.choye.fr\/index.php?rest_route=\/wp\/v2\/posts"}],"about":[{"href":"http:\/\/www.choye.fr\/index.php?rest_route=\/wp\/v2\/types\/post"}],"author":[{"embeddable":true,"href":"http:\/\/www.choye.fr\/index.php?rest_route=\/wp\/v2\/users\/258"}],"replies":[{"embeddable":true,"href":"http:\/\/www.choye.fr\/index.php?rest_route=%2Fwp%2Fv2%2Fcomments&post=2165"}],"version-history":[{"count":2,"href":"http:\/\/www.choye.fr\/index.php?rest_route=\/wp\/v2\/posts\/2165\/revisions"}],"predecessor-version":[{"id":2170,"href":"http:\/\/www.choye.fr\/index.php?rest_route=\/wp\/v2\/posts\/2165\/revisions\/2170"}],"wp:attachment":[{"href":"http:\/\/www.choye.fr\/index.php?rest_route=%2Fwp%2Fv2%2Fmedia&parent=2165"}],"wp:term":[{"taxonomy":"category","embeddable":true,"href":"http:\/\/www.choye.fr\/index.php?rest_route=%2Fwp%2Fv2%2Fcategories&post=2165"},{"taxonomy":"post_tag","embeddable":true,"href":"http:\/\/www.choye.fr\/index.php?rest_route=%2Fwp%2Fv2%2Ftags&post=2165"}],"curies":[{"name":"wp","href":"https:\/\/api.w.org\/{rel}","templated":true}]}}