{"id":2131,"date":"2010-11-04T17:33:05","date_gmt":"2010-11-04T16:33:05","guid":{"rendered":"http:\/\/www.choye.fr\/?p=2131"},"modified":"2010-11-07T21:11:34","modified_gmt":"2010-11-07T20:11:34","slug":"deces-de-germaine-saillard","status":"publish","type":"post","link":"http:\/\/www.choye.fr\/?p=2131","title":{"rendered":"D\u00e9c\u00e8s de Germaine Saillard"},"content":{"rendered":"<p><a href=\"http:\/\/www.choye.fr\/wp-content\/uploads\/2010\/11\/ciel.jpg\"><img decoding=\"async\" loading=\"lazy\" class=\"alignleft size-thumbnail wp-image-2130\" title=\"ciel\" src=\"http:\/\/www.choye.fr\/wp-content\/uploads\/2010\/11\/ciel-120x90.jpg\" alt=\"\" width=\"120\" height=\"90\" \/><\/a>Germaine Saillard, 91 ans, est d\u00e9c\u00e9d\u00e9e \u00e0 Beaujeu le\u00a0jeudi 4 novembre 2010. Les obs\u00e8ques auront lieu en l&rsquo;Eglise de Choye le mardi\u00a09 novembre \u00e0 14h30. Condol\u00e9ances.<\/p>\n","protected":false},"excerpt":{"rendered":"<p>Germaine Saillard, 91 ans, est d\u00e9c\u00e9d\u00e9e \u00e0 Beaujeu le\u00a0jeudi 4 novembre 2010. Les obs\u00e8ques auront lieu en l&rsquo;Eglise de Choye le mardi\u00a09 novembre \u00e0 14h30. Condol\u00e9ances.<\/p>\n","protected":false},"author":258,"featured_media":0,"comment_status":"open","ping_status":"open","sticky":false,"template":"","format":"standard","meta":{"ngg_post_thumbnail":0},"categories":[24],"tags":[],"post_mailing_queue_ids":[],"_links":{"self":[{"href":"http:\/\/www.choye.fr\/index.php?rest_route=\/wp\/v2\/posts\/2131"}],"collection":[{"href":"http:\/\/www.choye.fr\/index.php?rest_route=\/wp\/v2\/posts"}],"about":[{"href":"http:\/\/www.choye.fr\/index.php?rest_route=\/wp\/v2\/types\/post"}],"author":[{"embeddable":true,"href":"http:\/\/www.choye.fr\/index.php?rest_route=\/wp\/v2\/users\/258"}],"replies":[{"embeddable":true,"href":"http:\/\/www.choye.fr\/index.php?rest_route=%2Fwp%2Fv2%2Fcomments&post=2131"}],"version-history":[{"count":3,"href":"http:\/\/www.choye.fr\/index.php?rest_route=\/wp\/v2\/posts\/2131\/revisions"}],"predecessor-version":[{"id":2133,"href":"http:\/\/www.choye.fr\/index.php?rest_route=\/wp\/v2\/posts\/2131\/revisions\/2133"}],"wp:attachment":[{"href":"http:\/\/www.choye.fr\/index.php?rest_route=%2Fwp%2Fv2%2Fmedia&parent=2131"}],"wp:term":[{"taxonomy":"category","embeddable":true,"href":"http:\/\/www.choye.fr\/index.php?rest_route=%2Fwp%2Fv2%2Fcategories&post=2131"},{"taxonomy":"post_tag","embeddable":true,"href":"http:\/\/www.choye.fr\/index.php?rest_route=%2Fwp%2Fv2%2Ftags&post=2131"}],"curies":[{"name":"wp","href":"https:\/\/api.w.org\/{rel}","templated":true}]}}