{"id":2122,"date":"2010-11-01T10:49:00","date_gmt":"2010-11-01T09:49:00","guid":{"rendered":"http:\/\/www.choye.fr\/?p=2122"},"modified":"2010-11-02T17:12:42","modified_gmt":"2010-11-02T16:12:42","slug":"chantier-ecole-peinture","status":"publish","type":"post","link":"http:\/\/www.choye.fr\/?p=2122","title":{"rendered":"Chantier \u00e9cole peinture"},"content":{"rendered":"<p style=\"TEXT-ALIGN: justify\"><a href=\"http:\/\/www.choye.fr\/wp-content\/uploads\/2010\/11\/20101101-grille-monument.jpg\"><\/a><a href=\"http:\/\/www.choye.fr\/wp-content\/uploads\/2010\/11\/choye-14.jpg\"><img decoding=\"async\" loading=\"lazy\" class=\"alignleft size-thumbnail wp-image-2126\" title=\"choye-14\" src=\"http:\/\/www.choye.fr\/wp-content\/uploads\/2010\/11\/choye-14-120x90.jpg\" alt=\"\" width=\"120\" height=\"90\" srcset=\"http:\/\/www.choye.fr\/wp-content\/uploads\/2010\/11\/choye-14-120x90.jpg 120w, http:\/\/www.choye.fr\/wp-content\/uploads\/2010\/11\/choye-14-300x225.jpg 300w, http:\/\/www.choye.fr\/wp-content\/uploads\/2010\/11\/choye-14-768x576.jpg 768w, http:\/\/www.choye.fr\/wp-content\/uploads\/2010\/11\/choye-14-1024x768.jpg 1024w, http:\/\/www.choye.fr\/wp-content\/uploads\/2010\/11\/choye-14.jpg 1063w\" sizes=\"(max-width: 120px) 100vw, 120px\" \/><\/a>Un groupe de\u00a0jeunes\u00a0a particip\u00e9 \u00e0 un chantier \u00e9cole<a href=\"http:\/\/www.choye.fr\/wp-content\/uploads\/2010\/11\/20101101-barriere-rue-des-pres.jpg\"><\/a><a href=\"http:\/\/www.choye.fr\/wp-content\/uploads\/2010\/07\/p7180003.jpg\"><\/a> organis\u00e9 par la FOL et financ\u00e9 <a href=\"http:\/\/www.choye.fr\/wp-content\/uploads\/2010\/11\/choye-20.jpg\"><img decoding=\"async\" loading=\"lazy\" class=\"alignright size-thumbnail wp-image-2128\" title=\"choye-20\" src=\"http:\/\/www.choye.fr\/wp-content\/uploads\/2010\/11\/choye-20-120x90.jpg\" alt=\"\" width=\"120\" height=\"90\" srcset=\"http:\/\/www.choye.fr\/wp-content\/uploads\/2010\/11\/choye-20-120x90.jpg 120w, http:\/\/www.choye.fr\/wp-content\/uploads\/2010\/11\/choye-20-300x225.jpg 300w, http:\/\/www.choye.fr\/wp-content\/uploads\/2010\/11\/choye-20-768x576.jpg 768w, http:\/\/www.choye.fr\/wp-content\/uploads\/2010\/11\/choye-20-1024x768.jpg 1024w, http:\/\/www.choye.fr\/wp-content\/uploads\/2010\/11\/choye-20.jpg 1063w\" sizes=\"(max-width: 120px) 100vw, 120px\" \/><\/a>par la Communaut\u00e9 de communes des Monts de Gy.\u00a0 Les participants ont repeint la grille ext\u00e9rieure du monument aux morts et la barri\u00e8re de la rue des pr\u00e9s.\u00a0Le chantier a \u00e9t\u00e9 encadr\u00e9 par des animatrices de la FOL, et, pour la commune par Jo\u00ebl Marcel et Roger Burgy.<\/p>\n","protected":false},"excerpt":{"rendered":"<p>Un groupe de\u00a0jeunes\u00a0a particip\u00e9 \u00e0 un chantier \u00e9cole organis\u00e9 par la FOL et financ\u00e9 par la Communaut\u00e9 de communes des Monts de Gy.\u00a0 Les participants ont repeint la grille ext\u00e9rieure du monument aux morts et la barri\u00e8re de la rue &hellip; <a href=\"http:\/\/www.choye.fr\/?p=2122\">Continuer la lecture <span class=\"meta-nav\">&rarr;<\/span><\/a><\/p>\n","protected":false},"author":258,"featured_media":0,"comment_status":"open","ping_status":"open","sticky":false,"template":"","format":"standard","meta":{"ngg_post_thumbnail":0},"categories":[22,11],"tags":[],"post_mailing_queue_ids":[],"_links":{"self":[{"href":"http:\/\/www.choye.fr\/index.php?rest_route=\/wp\/v2\/posts\/2122"}],"collection":[{"href":"http:\/\/www.choye.fr\/index.php?rest_route=\/wp\/v2\/posts"}],"about":[{"href":"http:\/\/www.choye.fr\/index.php?rest_route=\/wp\/v2\/types\/post"}],"author":[{"embeddable":true,"href":"http:\/\/www.choye.fr\/index.php?rest_route=\/wp\/v2\/users\/258"}],"replies":[{"embeddable":true,"href":"http:\/\/www.choye.fr\/index.php?rest_route=%2Fwp%2Fv2%2Fcomments&post=2122"}],"version-history":[{"count":3,"href":"http:\/\/www.choye.fr\/index.php?rest_route=\/wp\/v2\/posts\/2122\/revisions"}],"predecessor-version":[{"id":2127,"href":"http:\/\/www.choye.fr\/index.php?rest_route=\/wp\/v2\/posts\/2122\/revisions\/2127"}],"wp:attachment":[{"href":"http:\/\/www.choye.fr\/index.php?rest_route=%2Fwp%2Fv2%2Fmedia&parent=2122"}],"wp:term":[{"taxonomy":"category","embeddable":true,"href":"http:\/\/www.choye.fr\/index.php?rest_route=%2Fwp%2Fv2%2Fcategories&post=2122"},{"taxonomy":"post_tag","embeddable":true,"href":"http:\/\/www.choye.fr\/index.php?rest_route=%2Fwp%2Fv2%2Ftags&post=2122"}],"curies":[{"name":"wp","href":"https:\/\/api.w.org\/{rel}","templated":true}]}}