{"id":2102,"date":"2010-10-17T17:41:20","date_gmt":"2010-10-17T16:41:20","guid":{"rendered":"http:\/\/www.choye.fr\/?p=2102"},"modified":"2010-10-17T17:56:53","modified_gmt":"2010-10-17T16:56:53","slug":"perturbations-electriques","status":"publish","type":"post","link":"http:\/\/www.choye.fr\/?p=2102","title":{"rendered":"Perturbations \u00e9lectriques"},"content":{"rendered":"<p style=\"text-align: justify;\"><a href=\"http:\/\/www.choye.fr\/wp-content\/uploads\/2010\/10\/erdf.jpg\"><img decoding=\"async\" loading=\"lazy\" class=\"alignleft size-thumbnail wp-image-2103\" title=\"erdf\" src=\"http:\/\/www.choye.fr\/wp-content\/uploads\/2010\/10\/erdf-120x90.jpg\" alt=\"\" width=\"120\" height=\"90\" \/><\/a>Ce dimanche, Choye a connu de gros probl\u00e8mes \u00e9lectriques sur le r\u00e9seau\u00a0au niveau du\u00a0pyl\u00f4ne\u00a0en bas de la Grande Rue. L&rsquo;intervention des \u00e9quipes de d\u00e9pannage d&rsquo;ERDF a n\u00e9cessit\u00e9 une coupure d&rsquo;\u00e9lectricit\u00e9 d&rsquo;environ 2 heures. Les d\u00e9g\u00e2ts caus\u00e9s aux appareils \u00e9lectriques des riverains de la Grande Rue sont\u00a0\u00e0 d\u00e9clarer \u00e0 votre assureur et \u00e0 la mairie d\u00e8s que possible.<\/p>\n","protected":false},"excerpt":{"rendered":"<p>Ce dimanche, Choye a connu de gros probl\u00e8mes \u00e9lectriques sur le r\u00e9seau\u00a0au niveau du\u00a0pyl\u00f4ne\u00a0en bas de la Grande Rue. L&rsquo;intervention des \u00e9quipes de d\u00e9pannage d&rsquo;ERDF a n\u00e9cessit\u00e9 une coupure d&rsquo;\u00e9lectricit\u00e9 d&rsquo;environ 2 heures. Les d\u00e9g\u00e2ts caus\u00e9s aux appareils \u00e9lectriques des &hellip; <a href=\"http:\/\/www.choye.fr\/?p=2102\">Continuer la lecture <span class=\"meta-nav\">&rarr;<\/span><\/a><\/p>\n","protected":false},"author":258,"featured_media":0,"comment_status":"open","ping_status":"open","sticky":false,"template":"","format":"standard","meta":{"ngg_post_thumbnail":0},"categories":[1],"tags":[],"post_mailing_queue_ids":[],"_links":{"self":[{"href":"http:\/\/www.choye.fr\/index.php?rest_route=\/wp\/v2\/posts\/2102"}],"collection":[{"href":"http:\/\/www.choye.fr\/index.php?rest_route=\/wp\/v2\/posts"}],"about":[{"href":"http:\/\/www.choye.fr\/index.php?rest_route=\/wp\/v2\/types\/post"}],"author":[{"embeddable":true,"href":"http:\/\/www.choye.fr\/index.php?rest_route=\/wp\/v2\/users\/258"}],"replies":[{"embeddable":true,"href":"http:\/\/www.choye.fr\/index.php?rest_route=%2Fwp%2Fv2%2Fcomments&post=2102"}],"version-history":[{"count":5,"href":"http:\/\/www.choye.fr\/index.php?rest_route=\/wp\/v2\/posts\/2102\/revisions"}],"predecessor-version":[{"id":2108,"href":"http:\/\/www.choye.fr\/index.php?rest_route=\/wp\/v2\/posts\/2102\/revisions\/2108"}],"wp:attachment":[{"href":"http:\/\/www.choye.fr\/index.php?rest_route=%2Fwp%2Fv2%2Fmedia&parent=2102"}],"wp:term":[{"taxonomy":"category","embeddable":true,"href":"http:\/\/www.choye.fr\/index.php?rest_route=%2Fwp%2Fv2%2Fcategories&post=2102"},{"taxonomy":"post_tag","embeddable":true,"href":"http:\/\/www.choye.fr\/index.php?rest_route=%2Fwp%2Fv2%2Ftags&post=2102"}],"curies":[{"name":"wp","href":"https:\/\/api.w.org\/{rel}","templated":true}]}}