{"id":2087,"date":"2010-10-10T09:50:00","date_gmt":"2010-10-10T08:50:00","guid":{"rendered":"http:\/\/www.choye.fr\/?p=2087"},"modified":"2010-10-10T09:50:00","modified_gmt":"2010-10-10T08:50:00","slug":"felicitations-6","status":"publish","type":"post","link":"http:\/\/www.choye.fr\/?p=2087","title":{"rendered":"F\u00e9licitations"},"content":{"rendered":"<p>F\u00e9licitations \u00e0 Michel Grosjean qui a les honneurs de la Presse de Gray. Dans ses colonnes du 7 octobre, la Presse relate sa fabrication annuelle du jus de pomme au pressoir de Bucey-les-Gy.<\/p>\n","protected":false},"excerpt":{"rendered":"<p>F\u00e9licitations \u00e0 Michel Grosjean qui a les honneurs de la Presse de Gray. Dans ses colonnes du 7 octobre, la Presse relate sa fabrication annuelle du jus de pomme au pressoir de Bucey-les-Gy.<\/p>\n","protected":false},"author":258,"featured_media":0,"comment_status":"open","ping_status":"open","sticky":false,"template":"","format":"standard","meta":{"ngg_post_thumbnail":0},"categories":[11],"tags":[],"post_mailing_queue_ids":[],"_links":{"self":[{"href":"http:\/\/www.choye.fr\/index.php?rest_route=\/wp\/v2\/posts\/2087"}],"collection":[{"href":"http:\/\/www.choye.fr\/index.php?rest_route=\/wp\/v2\/posts"}],"about":[{"href":"http:\/\/www.choye.fr\/index.php?rest_route=\/wp\/v2\/types\/post"}],"author":[{"embeddable":true,"href":"http:\/\/www.choye.fr\/index.php?rest_route=\/wp\/v2\/users\/258"}],"replies":[{"embeddable":true,"href":"http:\/\/www.choye.fr\/index.php?rest_route=%2Fwp%2Fv2%2Fcomments&post=2087"}],"version-history":[{"count":1,"href":"http:\/\/www.choye.fr\/index.php?rest_route=\/wp\/v2\/posts\/2087\/revisions"}],"predecessor-version":[{"id":2088,"href":"http:\/\/www.choye.fr\/index.php?rest_route=\/wp\/v2\/posts\/2087\/revisions\/2088"}],"wp:attachment":[{"href":"http:\/\/www.choye.fr\/index.php?rest_route=%2Fwp%2Fv2%2Fmedia&parent=2087"}],"wp:term":[{"taxonomy":"category","embeddable":true,"href":"http:\/\/www.choye.fr\/index.php?rest_route=%2Fwp%2Fv2%2Fcategories&post=2087"},{"taxonomy":"post_tag","embeddable":true,"href":"http:\/\/www.choye.fr\/index.php?rest_route=%2Fwp%2Fv2%2Ftags&post=2087"}],"curies":[{"name":"wp","href":"https:\/\/api.w.org\/{rel}","templated":true}]}}