{"id":2026,"date":"2010-09-13T08:27:52","date_gmt":"2010-09-13T07:27:52","guid":{"rendered":"http:\/\/www.choye.fr\/?p=2026"},"modified":"2010-10-02T08:00:30","modified_gmt":"2010-10-02T07:00:30","slug":"fontaines-et-lavoirs","status":"publish","type":"post","link":"http:\/\/www.choye.fr\/?p=2026","title":{"rendered":"Fontaines et lavoirs"},"content":{"rendered":"<p style=\"TEXT-ALIGN: justify\"><a href=\"http:\/\/www.choye.fr\/wp-content\/uploads\/2010\/09\/lavoir-copie.jpg\"><img decoding=\"async\" loading=\"lazy\" class=\"alignleft size-thumbnail wp-image-2027\" title=\"lavoir-copie\" src=\"http:\/\/www.choye.fr\/wp-content\/uploads\/2010\/09\/lavoir-copie-120x90.jpg\" alt=\"\" width=\"120\" height=\"90\" srcset=\"http:\/\/www.choye.fr\/wp-content\/uploads\/2010\/09\/lavoir-copie-120x90.jpg 120w, http:\/\/www.choye.fr\/wp-content\/uploads\/2010\/09\/lavoir-copie-300x225.jpg 300w, http:\/\/www.choye.fr\/wp-content\/uploads\/2010\/09\/lavoir-copie.jpg 448w\" sizes=\"(max-width: 120px) 100vw, 120px\" \/><\/a><\/p>\n<p style=\"TEXT-ALIGN: justify\">Dans le cadre des journ\u00e9es du patrimoine, les samedi 18 et dimanche 19 septembre 2010, l&rsquo;Office du tourisme des Monts de Gy organise un circuit sur le th\u00e8me \u00ab\u00a0Fontaines et lavoirs de la Communaut\u00e9 de communes des Monts de Gy\u00a0\u00bb. Bucey les Gy : 19 septembre, d\u00e9couverte du village avec le jeu \u00ab\u00a0Ma\u00eetre des secrets\u00a0\u00bb \u00e0 14h salle polyvalente.<br \/>\nCharcenne : 19 septembre, visite libre de la Chapelle de Leffond de 15h \u00e0 17h. Fretigney : 19 septembre, visite de l&rsquo;\u00e9glise St Julien de Brioude et son retable de 15h \u00e0 18h. Gy : 18 et 19 septembre, ch\u00e2teau des Archev\u00eaques ouvert de 10h \u00e0 18h avec tarif sp\u00e9cial (2.50 \u20ac ; gratuit pour les enfants). 18 septembre : Visites guid\u00e9es de l&rsquo;\u00e9glise et de l&rsquo;h\u00f4tel de ville de 14h \u00e0 18h. 19 septembre : Visites guid\u00e9es de l&rsquo;\u00e9glise et de l&rsquo;h\u00f4tel de ville de 10h \u00e0 18h. Saint Gand : 19 septembre, visite libre de l&rsquo;\u00e9glise et march\u00e9 dominical de 8h30 \u00e0 13h.<\/p>\n","protected":false},"excerpt":{"rendered":"<p>Dans le cadre des journ\u00e9es du patrimoine, les samedi 18 et dimanche 19 septembre 2010, l&rsquo;Office du tourisme des Monts de Gy organise un circuit sur le th\u00e8me \u00ab\u00a0Fontaines et lavoirs de la Communaut\u00e9 de communes des Monts de Gy\u00a0\u00bb. &hellip; <a href=\"http:\/\/www.choye.fr\/?p=2026\">Continuer la lecture <span class=\"meta-nav\">&rarr;<\/span><\/a><\/p>\n","protected":false},"author":258,"featured_media":0,"comment_status":"open","ping_status":"open","sticky":false,"template":"","format":"standard","meta":{"ngg_post_thumbnail":0},"categories":[22],"tags":[],"post_mailing_queue_ids":[],"_links":{"self":[{"href":"http:\/\/www.choye.fr\/index.php?rest_route=\/wp\/v2\/posts\/2026"}],"collection":[{"href":"http:\/\/www.choye.fr\/index.php?rest_route=\/wp\/v2\/posts"}],"about":[{"href":"http:\/\/www.choye.fr\/index.php?rest_route=\/wp\/v2\/types\/post"}],"author":[{"embeddable":true,"href":"http:\/\/www.choye.fr\/index.php?rest_route=\/wp\/v2\/users\/258"}],"replies":[{"embeddable":true,"href":"http:\/\/www.choye.fr\/index.php?rest_route=%2Fwp%2Fv2%2Fcomments&post=2026"}],"version-history":[{"count":3,"href":"http:\/\/www.choye.fr\/index.php?rest_route=\/wp\/v2\/posts\/2026\/revisions"}],"predecessor-version":[{"id":2067,"href":"http:\/\/www.choye.fr\/index.php?rest_route=\/wp\/v2\/posts\/2026\/revisions\/2067"}],"wp:attachment":[{"href":"http:\/\/www.choye.fr\/index.php?rest_route=%2Fwp%2Fv2%2Fmedia&parent=2026"}],"wp:term":[{"taxonomy":"category","embeddable":true,"href":"http:\/\/www.choye.fr\/index.php?rest_route=%2Fwp%2Fv2%2Fcategories&post=2026"},{"taxonomy":"post_tag","embeddable":true,"href":"http:\/\/www.choye.fr\/index.php?rest_route=%2Fwp%2Fv2%2Ftags&post=2026"}],"curies":[{"name":"wp","href":"https:\/\/api.w.org\/{rel}","templated":true}]}}