{"id":1971,"date":"2010-09-13T14:08:19","date_gmt":"2010-09-13T13:08:19","guid":{"rendered":"http:\/\/www.choye.fr\/?p=1971"},"modified":"2010-09-15T14:51:05","modified_gmt":"2010-09-15T13:51:05","slug":"conseil-municipal-6","status":"publish","type":"post","link":"http:\/\/www.choye.fr\/?p=1971","title":{"rendered":"Conseil municipal du 13 septembre 2010"},"content":{"rendered":"<p style=\"text-align: justify;\"><a href=\"http:\/\/www.choye.fr\/wp-content\/uploads\/2010\/08\/mairie-nouvelle-2.jpg\"><img decoding=\"async\" loading=\"lazy\" class=\"alignleft size-thumbnail wp-image-1970\" title=\"mairie-nouvelle-2\" src=\"http:\/\/www.choye.fr\/wp-content\/uploads\/2010\/08\/mairie-nouvelle-2-120x90.jpg\" alt=\"\" width=\"120\" height=\"90\" \/><\/a>Le conseil municipal a approuv\u00e9 les propositions de <strong>virements de cr\u00e9dits<\/strong> et report\u00e9\u00a0l&rsquo;examen du pr\u00eat relais lotissement \u00e0 une\u00a0prochaine s\u00e9ance.\u00a0La commune adh\u00e9rera\u00a0\u00e0 <strong>l\u2019Agence d\u2019Assistance Technique D\u00e9partementale<\/strong> mise en place par\u00a0le Conseil g\u00e9n\u00e9ral de la Haute-Sa\u00f4ne pour\u00a0apporter une assistance technique aux collectivit\u00e9s. Le conseil a approuv\u00e9 la proposition\u00a0de la Maison Familiale Rurale de Chargey-les-Gray : un groupe d\u2019\u00e9l\u00e8ves du BTS am\u00e9nagement paysager de la Maison Familiale Rurale travaillera sur des <strong>id\u00e9es d\u2019am\u00e9nagement pour le Parc du ch\u00e2teau<\/strong> en liaison avec l\u2019IMP ainsi que le secteur de l\u2019\u00e9tang et du terrain de foot.\u00a0Le conseil municipal d\u00e9cide de maintenir la\u00a0d\u00e9nomination actuelle de la <strong>rue de la Crotti\u00e8re<\/strong>.\u00a0Trois entreprises ont \u00e9t\u00e9 consult\u00e9es en vue de l\u2019acquisition d\u2019un <strong>abri d\u00e9montable<\/strong> d\u2019environ 8 m\u00e8tres sur 16 m\u00e8tres pour y accueillir les \u00e9v\u00e8nements et manifestations. Le conseil municipal d\u00e9cide de consulter \u00e0 nouveau les deux entreprises les plus int\u00e9ressantes pour une surface plus r\u00e9duite.\u00a0Le conseil municipal d\u00e9cide de proc\u00e9der \u00e0 l\u2019acquisition de 20 <strong>tables et bancs<\/strong> d\u00e9but 2011.\u00a0Trois ma\u00eetres d\u2019\u0153uvre ont \u00e9t\u00e9 consult\u00e9s pour le <strong>projet d\u2019am\u00e9nagement de 4 logements<\/strong> dans le b\u00e2timent de l\u2019ancienne mairie. \u00a0Le conseil municipal d\u00e9cide de retenir la proposition de Ad\u2019hoc architecture.\u00a0Questions diverses :\u00a0le conseil municipal autorise le maire \u00e0 d\u00e9poser la demande de permis de construire du <strong>local pour l&rsquo;agent communal<\/strong>\u00a0et \u00e0 solliciter des subventions. Il d\u00e9cide de vendre\u00a0le <strong>camion des pompiers<\/strong>\u00a0\u00e0 la commune d\u2019Auvey-et-la-Chapelotte pour un montant de 1 700 \u20ac HT.\u00a0Groupama, assureur de la commune,\u00a0 a d\u00e9cid\u00e9 de rembourser 2\u00a0341 \u20ac \u00e0 la commune sur un co\u00fbt total de 2\u00a0421,32 \u20ac HT au titre du \u00ab\u00a0bris de glace\u00a0\u00bb pour la <strong>r\u00e9novation du vitrail de Saint Vincent<\/strong> d\u00e9t\u00e9rior\u00e9 suite \u00e0 une temp\u00eate.<\/p>\n","protected":false},"excerpt":{"rendered":"<p>Le conseil municipal a approuv\u00e9 les propositions de virements de cr\u00e9dits et report\u00e9\u00a0l&rsquo;examen du pr\u00eat relais lotissement \u00e0 une\u00a0prochaine s\u00e9ance.\u00a0La commune adh\u00e9rera\u00a0\u00e0 l\u2019Agence d\u2019Assistance Technique D\u00e9partementale mise en place par\u00a0le Conseil g\u00e9n\u00e9ral de la Haute-Sa\u00f4ne pour\u00a0apporter une assistance technique aux &hellip; <a href=\"http:\/\/www.choye.fr\/?p=1971\">Continuer la lecture <span class=\"meta-nav\">&rarr;<\/span><\/a><\/p>\n","protected":false},"author":258,"featured_media":0,"comment_status":"open","ping_status":"open","sticky":false,"template":"","format":"standard","meta":{"ngg_post_thumbnail":0},"categories":[30],"tags":[],"post_mailing_queue_ids":[],"_links":{"self":[{"href":"http:\/\/www.choye.fr\/index.php?rest_route=\/wp\/v2\/posts\/1971"}],"collection":[{"href":"http:\/\/www.choye.fr\/index.php?rest_route=\/wp\/v2\/posts"}],"about":[{"href":"http:\/\/www.choye.fr\/index.php?rest_route=\/wp\/v2\/types\/post"}],"author":[{"embeddable":true,"href":"http:\/\/www.choye.fr\/index.php?rest_route=\/wp\/v2\/users\/258"}],"replies":[{"embeddable":true,"href":"http:\/\/www.choye.fr\/index.php?rest_route=%2Fwp%2Fv2%2Fcomments&post=1971"}],"version-history":[{"count":8,"href":"http:\/\/www.choye.fr\/index.php?rest_route=\/wp\/v2\/posts\/1971\/revisions"}],"predecessor-version":[{"id":1992,"href":"http:\/\/www.choye.fr\/index.php?rest_route=\/wp\/v2\/posts\/1971\/revisions\/1992"}],"wp:attachment":[{"href":"http:\/\/www.choye.fr\/index.php?rest_route=%2Fwp%2Fv2%2Fmedia&parent=1971"}],"wp:term":[{"taxonomy":"category","embeddable":true,"href":"http:\/\/www.choye.fr\/index.php?rest_route=%2Fwp%2Fv2%2Fcategories&post=1971"},{"taxonomy":"post_tag","embeddable":true,"href":"http:\/\/www.choye.fr\/index.php?rest_route=%2Fwp%2Fv2%2Ftags&post=1971"}],"curies":[{"name":"wp","href":"https:\/\/api.w.org\/{rel}","templated":true}]}}