{"id":1901,"date":"2010-07-31T16:12:04","date_gmt":"2010-07-31T15:12:04","guid":{"rendered":"http:\/\/www.choye.fr\/?p=1901"},"modified":"2010-07-31T16:12:45","modified_gmt":"2010-07-31T15:12:45","slug":"mariage-6","status":"publish","type":"post","link":"http:\/\/www.choye.fr\/?p=1901","title":{"rendered":"Mariage"},"content":{"rendered":"<p style=\"text-align: justify;\"><a href=\"http:\/\/www.choye.fr\/wp-content\/uploads\/2010\/07\/p7300005-copie.jpg\"><img decoding=\"async\" loading=\"lazy\" class=\"alignleft size-thumbnail wp-image-1923\" title=\"p7300005-copie\" src=\"http:\/\/www.choye.fr\/wp-content\/uploads\/2010\/07\/p7300005-copie-120x90.jpg\" alt=\"\" width=\"120\" height=\"90\" \/><\/a>Aujourd\u2019hui, le maire, Guy CHEVANNE, a uni Charl\u00e8ne BARBE, 23\u00a0ans, secr\u00e9taire, fille de Germain BARBE et de Muriel BARD, domicili\u00e9s \u00e0 Choye, et, Ludovic ROGNON,\u00a024 ans, peintre en b\u00e2timent, fils\u00a0de\u00a0Pascal ROGNON et de Dominique VIENET. Le jeune couple habite\u00a0\u00e0 Choye avec leur fille Lilou. Charl\u00e8ne est la petite fille de Gilbert BARD, d\u00e9c\u00e9d\u00e9, et d&rsquo;Agn\u00e8s BARD, domicili\u00e9e \u00e0 Choye. F\u00e9licitations.<\/p>\n","protected":false},"excerpt":{"rendered":"<p>Aujourd\u2019hui, le maire, Guy CHEVANNE, a uni Charl\u00e8ne BARBE, 23\u00a0ans, secr\u00e9taire, fille de Germain BARBE et de Muriel BARD, domicili\u00e9s \u00e0 Choye, et, Ludovic ROGNON,\u00a024 ans, peintre en b\u00e2timent, fils\u00a0de\u00a0Pascal ROGNON et de Dominique VIENET. Le jeune couple habite\u00a0\u00e0 Choye &hellip; <a href=\"http:\/\/www.choye.fr\/?p=1901\">Continuer la lecture <span class=\"meta-nav\">&rarr;<\/span><\/a><\/p>\n","protected":false},"author":258,"featured_media":0,"comment_status":"open","ping_status":"open","sticky":false,"template":"","format":"standard","meta":{"ngg_post_thumbnail":0},"categories":[9],"tags":[],"post_mailing_queue_ids":[],"_links":{"self":[{"href":"http:\/\/www.choye.fr\/index.php?rest_route=\/wp\/v2\/posts\/1901"}],"collection":[{"href":"http:\/\/www.choye.fr\/index.php?rest_route=\/wp\/v2\/posts"}],"about":[{"href":"http:\/\/www.choye.fr\/index.php?rest_route=\/wp\/v2\/types\/post"}],"author":[{"embeddable":true,"href":"http:\/\/www.choye.fr\/index.php?rest_route=\/wp\/v2\/users\/258"}],"replies":[{"embeddable":true,"href":"http:\/\/www.choye.fr\/index.php?rest_route=%2Fwp%2Fv2%2Fcomments&post=1901"}],"version-history":[{"count":8,"href":"http:\/\/www.choye.fr\/index.php?rest_route=\/wp\/v2\/posts\/1901\/revisions"}],"predecessor-version":[{"id":1925,"href":"http:\/\/www.choye.fr\/index.php?rest_route=\/wp\/v2\/posts\/1901\/revisions\/1925"}],"wp:attachment":[{"href":"http:\/\/www.choye.fr\/index.php?rest_route=%2Fwp%2Fv2%2Fmedia&parent=1901"}],"wp:term":[{"taxonomy":"category","embeddable":true,"href":"http:\/\/www.choye.fr\/index.php?rest_route=%2Fwp%2Fv2%2Fcategories&post=1901"},{"taxonomy":"post_tag","embeddable":true,"href":"http:\/\/www.choye.fr\/index.php?rest_route=%2Fwp%2Fv2%2Ftags&post=1901"}],"curies":[{"name":"wp","href":"https:\/\/api.w.org\/{rel}","templated":true}]}}