{"id":1895,"date":"2010-07-27T08:33:05","date_gmt":"2010-07-27T07:33:05","guid":{"rendered":"http:\/\/www.choye.fr\/?p=1895"},"modified":"2010-07-29T08:39:04","modified_gmt":"2010-07-29T07:39:04","slug":"chantier-ecole-2","status":"publish","type":"post","link":"http:\/\/www.choye.fr\/?p=1895","title":{"rendered":"Chantier \u00e9cole"},"content":{"rendered":"<p style=\"text-align: justify;\"><a href=\"http:\/\/www.choye.fr\/wp-content\/uploads\/2010\/07\/mur1.jpg\"><img decoding=\"async\" loading=\"lazy\" class=\"alignleft size-thumbnail wp-image-1896\" title=\"mur1\" src=\"http:\/\/www.choye.fr\/wp-content\/uploads\/2010\/07\/mur1-120x90.jpg\" alt=\"\" width=\"120\" height=\"90\" srcset=\"http:\/\/www.choye.fr\/wp-content\/uploads\/2010\/07\/mur1-120x90.jpg 120w, http:\/\/www.choye.fr\/wp-content\/uploads\/2010\/07\/mur1-300x225.jpg 300w, http:\/\/www.choye.fr\/wp-content\/uploads\/2010\/07\/mur1.jpg 448w\" sizes=\"(max-width: 120px) 100vw, 120px\" \/><\/a>Le chantier \u00e9cole financ\u00e9 par la Communaut\u00e9 de communes des Monts de Gy a repris ce lundi pour quelques jours. Les jeunes participants,\u00a0encadr\u00e9s par les animateurs de la FOL ainsi que Jo\u00ebl MARCEL et Roger BURGY pour la commune poursuivent la reconstruction du mur du cimeti\u00e8re dans l&rsquo;esprit de ceux qui l&rsquo;ont b\u00e2ti. Du beau travail.<\/p>\n","protected":false},"excerpt":{"rendered":"<p>Le chantier \u00e9cole financ\u00e9 par la Communaut\u00e9 de communes des Monts de Gy a repris ce lundi pour quelques jours. Les jeunes participants,\u00a0encadr\u00e9s par les animateurs de la FOL ainsi que Jo\u00ebl MARCEL et Roger BURGY pour la commune poursuivent &hellip; <a href=\"http:\/\/www.choye.fr\/?p=1895\">Continuer la lecture <span class=\"meta-nav\">&rarr;<\/span><\/a><\/p>\n","protected":false},"author":258,"featured_media":0,"comment_status":"open","ping_status":"open","sticky":false,"template":"","format":"standard","meta":{"ngg_post_thumbnail":0},"categories":[22,11],"tags":[],"post_mailing_queue_ids":[],"_links":{"self":[{"href":"http:\/\/www.choye.fr\/index.php?rest_route=\/wp\/v2\/posts\/1895"}],"collection":[{"href":"http:\/\/www.choye.fr\/index.php?rest_route=\/wp\/v2\/posts"}],"about":[{"href":"http:\/\/www.choye.fr\/index.php?rest_route=\/wp\/v2\/types\/post"}],"author":[{"embeddable":true,"href":"http:\/\/www.choye.fr\/index.php?rest_route=\/wp\/v2\/users\/258"}],"replies":[{"embeddable":true,"href":"http:\/\/www.choye.fr\/index.php?rest_route=%2Fwp%2Fv2%2Fcomments&post=1895"}],"version-history":[{"count":2,"href":"http:\/\/www.choye.fr\/index.php?rest_route=\/wp\/v2\/posts\/1895\/revisions"}],"predecessor-version":[{"id":1898,"href":"http:\/\/www.choye.fr\/index.php?rest_route=\/wp\/v2\/posts\/1895\/revisions\/1898"}],"wp:attachment":[{"href":"http:\/\/www.choye.fr\/index.php?rest_route=%2Fwp%2Fv2%2Fmedia&parent=1895"}],"wp:term":[{"taxonomy":"category","embeddable":true,"href":"http:\/\/www.choye.fr\/index.php?rest_route=%2Fwp%2Fv2%2Fcategories&post=1895"},{"taxonomy":"post_tag","embeddable":true,"href":"http:\/\/www.choye.fr\/index.php?rest_route=%2Fwp%2Fv2%2Ftags&post=1895"}],"curies":[{"name":"wp","href":"https:\/\/api.w.org\/{rel}","templated":true}]}}