{"id":1887,"date":"2010-07-19T13:07:33","date_gmt":"2010-07-19T12:07:33","guid":{"rendered":"http:\/\/www.choye.fr\/?p=1887"},"modified":"2010-07-29T08:40:55","modified_gmt":"2010-07-29T07:40:55","slug":"chantier-ecole","status":"publish","type":"post","link":"http:\/\/www.choye.fr\/?p=1887","title":{"rendered":"Chantier \u00e9cole"},"content":{"rendered":"<p style=\"text-align: justify;\"><a href=\"http:\/\/www.choye.fr\/wp-content\/uploads\/2010\/07\/p7180002.jpg\"><img decoding=\"async\" loading=\"lazy\" class=\"alignleft size-thumbnail wp-image-1888\" title=\"p7180002\" src=\"http:\/\/www.choye.fr\/wp-content\/uploads\/2010\/07\/p7180002-120x90.jpg\" alt=\"\" width=\"120\" height=\"90\" srcset=\"http:\/\/www.choye.fr\/wp-content\/uploads\/2010\/07\/p7180002-120x90.jpg 120w, http:\/\/www.choye.fr\/wp-content\/uploads\/2010\/07\/p7180002-300x225.jpg 300w, http:\/\/www.choye.fr\/wp-content\/uploads\/2010\/07\/p7180002.jpg 448w\" sizes=\"(max-width: 120px) 100vw, 120px\" \/><\/a>Cette semaine, un groupe d&rsquo;une quinzaine de jeunes\u00a0participent \u00e0 un chantier \u00e9cole<a href=\"http:\/\/www.choye.fr\/wp-content\/uploads\/2010\/07\/p7180003.jpg\"><img decoding=\"async\" loading=\"lazy\" class=\"alignright size-thumbnail wp-image-1889\" title=\"p7180003\" src=\"http:\/\/www.choye.fr\/wp-content\/uploads\/2010\/07\/p7180003-120x90.jpg\" alt=\"\" width=\"120\" height=\"90\" srcset=\"http:\/\/www.choye.fr\/wp-content\/uploads\/2010\/07\/p7180003-120x90.jpg 120w, http:\/\/www.choye.fr\/wp-content\/uploads\/2010\/07\/p7180003-300x225.jpg 300w, http:\/\/www.choye.fr\/wp-content\/uploads\/2010\/07\/p7180003.jpg 448w\" sizes=\"(max-width: 120px) 100vw, 120px\" \/><\/a> organis\u00e9 par la FOL et finac\u00e9 par la Communaut\u00e9 de communes des Monts de Gy. Travaux le matin et activit\u00e9s de loisirs l&rsquo;apr\u00e8s-midi sont au programme. Deux chantiers sont pr\u00e9vus : la peinture de la grille ext\u00e9rieure du monument si la temp\u00e9rature ext\u00e9rieure le permet, et, la r\u00e9fection du mur en pierre au Nord du cimeti\u00e8re. Le chantier est encadr\u00e9 par deux animateurs de la FOL, et, pour la commune par Jo\u00ebl Marcel et Roger Burgy.<\/p>\n<p style=\"text-align: justify;\"><a href=\"http:\/\/www.choye.fr\/wp-content\/uploads\/2010\/07\/p7180004.jpg\"><img decoding=\"async\" loading=\"lazy\" class=\"aligncenter size-thumbnail wp-image-1890\" title=\"p7180004\" src=\"http:\/\/www.choye.fr\/wp-content\/uploads\/2010\/07\/p7180004-120x90.jpg\" alt=\"\" width=\"120\" height=\"90\" srcset=\"http:\/\/www.choye.fr\/wp-content\/uploads\/2010\/07\/p7180004-120x90.jpg 120w, http:\/\/www.choye.fr\/wp-content\/uploads\/2010\/07\/p7180004-300x225.jpg 300w, http:\/\/www.choye.fr\/wp-content\/uploads\/2010\/07\/p7180004.jpg 448w\" sizes=\"(max-width: 120px) 100vw, 120px\" \/><\/a><\/p>\n","protected":false},"excerpt":{"rendered":"<p>Cette semaine, un groupe d&rsquo;une quinzaine de jeunes\u00a0participent \u00e0 un chantier \u00e9cole organis\u00e9 par la FOL et finac\u00e9 par la Communaut\u00e9 de communes des Monts de Gy. Travaux le matin et activit\u00e9s de loisirs l&rsquo;apr\u00e8s-midi sont au programme. Deux chantiers &hellip; <a href=\"http:\/\/www.choye.fr\/?p=1887\">Continuer la lecture <span class=\"meta-nav\">&rarr;<\/span><\/a><\/p>\n","protected":false},"author":258,"featured_media":0,"comment_status":"open","ping_status":"open","sticky":false,"template":"","format":"standard","meta":{"ngg_post_thumbnail":0},"categories":[22,11],"tags":[],"post_mailing_queue_ids":[],"_links":{"self":[{"href":"http:\/\/www.choye.fr\/index.php?rest_route=\/wp\/v2\/posts\/1887"}],"collection":[{"href":"http:\/\/www.choye.fr\/index.php?rest_route=\/wp\/v2\/posts"}],"about":[{"href":"http:\/\/www.choye.fr\/index.php?rest_route=\/wp\/v2\/types\/post"}],"author":[{"embeddable":true,"href":"http:\/\/www.choye.fr\/index.php?rest_route=\/wp\/v2\/users\/258"}],"replies":[{"embeddable":true,"href":"http:\/\/www.choye.fr\/index.php?rest_route=%2Fwp%2Fv2%2Fcomments&post=1887"}],"version-history":[{"count":2,"href":"http:\/\/www.choye.fr\/index.php?rest_route=\/wp\/v2\/posts\/1887\/revisions"}],"predecessor-version":[{"id":1899,"href":"http:\/\/www.choye.fr\/index.php?rest_route=\/wp\/v2\/posts\/1887\/revisions\/1899"}],"wp:attachment":[{"href":"http:\/\/www.choye.fr\/index.php?rest_route=%2Fwp%2Fv2%2Fmedia&parent=1887"}],"wp:term":[{"taxonomy":"category","embeddable":true,"href":"http:\/\/www.choye.fr\/index.php?rest_route=%2Fwp%2Fv2%2Fcategories&post=1887"},{"taxonomy":"post_tag","embeddable":true,"href":"http:\/\/www.choye.fr\/index.php?rest_route=%2Fwp%2Fv2%2Ftags&post=1887"}],"curies":[{"name":"wp","href":"https:\/\/api.w.org\/{rel}","templated":true}]}}