{"id":1877,"date":"2010-07-16T09:21:34","date_gmt":"2010-07-16T08:21:34","guid":{"rendered":"http:\/\/www.choye.fr\/?p=1877"},"modified":"2010-07-16T09:21:34","modified_gmt":"2010-07-16T08:21:34","slug":"problemes-dalimentation-electrique","status":"publish","type":"post","link":"http:\/\/www.choye.fr\/?p=1877","title":{"rendered":"Probl\u00e8mes d&rsquo;alimentation \u00e9lectrique"},"content":{"rendered":"<p style=\"text-align: justify;\"><a href=\"http:\/\/www.choye.fr\/wp-content\/uploads\/2010\/07\/poteaux.jpg\"><img decoding=\"async\" loading=\"lazy\" class=\"alignleft size-thumbnail wp-image-1878\" title=\"poteaux\" src=\"http:\/\/www.choye.fr\/wp-content\/uploads\/2010\/07\/poteaux-120x90.jpg\" alt=\"\" width=\"120\" height=\"90\" \/><\/a>Les usagers de la commune de Choye\u00a0ont rencontr\u00e9 depuis quelques semaines des probl\u00e8mes d&rsquo;alimentation \u00e9lectrique avec des surtensions passag\u00e8res et de nombreuses micro coupures. Les services d&rsquo;ERDF ont confirm\u00e9 ces difficult\u00e9s et ont pris des dispsoitions pour modifier l&rsquo;alimentation de la commune \u00e0 partir de Gray et non plus d&rsquo;Avrigney comme pr\u00e9c\u00e9demment. En cas de nouvelles difficult\u00e9s, n&rsquo;h\u00e9sitez pas \u00e0 informer la mairie.<\/p>\n","protected":false},"excerpt":{"rendered":"<p>Les usagers de la commune de Choye\u00a0ont rencontr\u00e9 depuis quelques semaines des probl\u00e8mes d&rsquo;alimentation \u00e9lectrique avec des surtensions passag\u00e8res et de nombreuses micro coupures. Les services d&rsquo;ERDF ont confirm\u00e9 ces difficult\u00e9s et ont pris des dispsoitions pour modifier l&rsquo;alimentation de &hellip; <a href=\"http:\/\/www.choye.fr\/?p=1877\">Continuer la lecture <span class=\"meta-nav\">&rarr;<\/span><\/a><\/p>\n","protected":false},"author":258,"featured_media":0,"comment_status":"open","ping_status":"open","sticky":false,"template":"","format":"standard","meta":{"ngg_post_thumbnail":0},"categories":[11],"tags":[],"post_mailing_queue_ids":[],"_links":{"self":[{"href":"http:\/\/www.choye.fr\/index.php?rest_route=\/wp\/v2\/posts\/1877"}],"collection":[{"href":"http:\/\/www.choye.fr\/index.php?rest_route=\/wp\/v2\/posts"}],"about":[{"href":"http:\/\/www.choye.fr\/index.php?rest_route=\/wp\/v2\/types\/post"}],"author":[{"embeddable":true,"href":"http:\/\/www.choye.fr\/index.php?rest_route=\/wp\/v2\/users\/258"}],"replies":[{"embeddable":true,"href":"http:\/\/www.choye.fr\/index.php?rest_route=%2Fwp%2Fv2%2Fcomments&post=1877"}],"version-history":[{"count":1,"href":"http:\/\/www.choye.fr\/index.php?rest_route=\/wp\/v2\/posts\/1877\/revisions"}],"predecessor-version":[{"id":1879,"href":"http:\/\/www.choye.fr\/index.php?rest_route=\/wp\/v2\/posts\/1877\/revisions\/1879"}],"wp:attachment":[{"href":"http:\/\/www.choye.fr\/index.php?rest_route=%2Fwp%2Fv2%2Fmedia&parent=1877"}],"wp:term":[{"taxonomy":"category","embeddable":true,"href":"http:\/\/www.choye.fr\/index.php?rest_route=%2Fwp%2Fv2%2Fcategories&post=1877"},{"taxonomy":"post_tag","embeddable":true,"href":"http:\/\/www.choye.fr\/index.php?rest_route=%2Fwp%2Fv2%2Ftags&post=1877"}],"curies":[{"name":"wp","href":"https:\/\/api.w.org\/{rel}","templated":true}]}}