{"id":1856,"date":"2010-06-18T16:18:23","date_gmt":"2010-06-18T15:18:23","guid":{"rendered":"http:\/\/www.choye.fr\/?p=1856"},"modified":"2010-08-01T13:58:47","modified_gmt":"2010-08-01T12:58:47","slug":"marche-dete-nocturne-a-gy","status":"publish","type":"post","link":"http:\/\/www.choye.fr\/?p=1856","title":{"rendered":"March\u00e9 d&rsquo;\u00e9t\u00e9 nocturne \u00e0 Gy"},"content":{"rendered":"<p>A Gy, le vendredi 30 juillet \u00e0 partir de 17h00, Artisanat, gastronomie, animation de rue, restauration, buvette. Entr\u00e9e libre.<\/p>\n","protected":false},"excerpt":{"rendered":"<p>A Gy, le vendredi 30 juillet \u00e0 partir de 17h00, Artisanat, gastronomie, animation de rue, restauration, buvette. Entr\u00e9e libre.<\/p>\n","protected":false},"author":258,"featured_media":0,"comment_status":"open","ping_status":"open","sticky":false,"template":"","format":"standard","meta":{"ngg_post_thumbnail":0},"categories":[22],"tags":[],"post_mailing_queue_ids":[],"_links":{"self":[{"href":"http:\/\/www.choye.fr\/index.php?rest_route=\/wp\/v2\/posts\/1856"}],"collection":[{"href":"http:\/\/www.choye.fr\/index.php?rest_route=\/wp\/v2\/posts"}],"about":[{"href":"http:\/\/www.choye.fr\/index.php?rest_route=\/wp\/v2\/types\/post"}],"author":[{"embeddable":true,"href":"http:\/\/www.choye.fr\/index.php?rest_route=\/wp\/v2\/users\/258"}],"replies":[{"embeddable":true,"href":"http:\/\/www.choye.fr\/index.php?rest_route=%2Fwp%2Fv2%2Fcomments&post=1856"}],"version-history":[{"count":7,"href":"http:\/\/www.choye.fr\/index.php?rest_route=\/wp\/v2\/posts\/1856\/revisions"}],"predecessor-version":[{"id":1962,"href":"http:\/\/www.choye.fr\/index.php?rest_route=\/wp\/v2\/posts\/1856\/revisions\/1962"}],"wp:attachment":[{"href":"http:\/\/www.choye.fr\/index.php?rest_route=%2Fwp%2Fv2%2Fmedia&parent=1856"}],"wp:term":[{"taxonomy":"category","embeddable":true,"href":"http:\/\/www.choye.fr\/index.php?rest_route=%2Fwp%2Fv2%2Fcategories&post=1856"},{"taxonomy":"post_tag","embeddable":true,"href":"http:\/\/www.choye.fr\/index.php?rest_route=%2Fwp%2Fv2%2Ftags&post=1856"}],"curies":[{"name":"wp","href":"https:\/\/api.w.org\/{rel}","templated":true}]}}