{"id":1844,"date":"2010-07-02T17:03:03","date_gmt":"2010-07-02T16:03:03","guid":{"rendered":"http:\/\/www.choye.fr\/?p=1844"},"modified":"2010-07-02T17:04:47","modified_gmt":"2010-07-02T16:04:47","slug":"felicitations-2","status":"publish","type":"post","link":"http:\/\/www.choye.fr\/?p=1844","title":{"rendered":"F\u00e9licitations"},"content":{"rendered":"<p><a href=\"http:\/\/www.choye.fr\/wp-content\/uploads\/2010\/07\/ronybarbe.jpg\"><img decoding=\"async\" loading=\"lazy\" class=\"alignleft size-thumbnail wp-image-1845\" title=\"ronybarbe\" src=\"http:\/\/www.choye.fr\/wp-content\/uploads\/2010\/07\/ronybarbe-120x90.jpg\" alt=\"\" width=\"120\" height=\"90\" \/><\/a>F\u00e9licitations \u00e0 <strong>Rony Barbe<\/strong> qui repr\u00e9sentera la Franche-Comt\u00e9 lors des <strong>41\u00e8mes Olympiades des M\u00e9tiers<\/strong> dans la sp\u00e9cialit\u00e9 \u00ab\u00a0m\u00e9tiers du b\u00e2timent \/ Installations \u00e9lectriques\u00a0\u00bb.<!--more--><\/p>\n<p>Les Olympiades des M\u00e9tiers sont une formidable occasion de pr\u00e9senter la diversit\u00e9 des m\u00e9tiers et le savoir-faire professionnel des jeunes francs-comtois, de leurs formateurs et de leurs tuteurs en entreprise.<br \/>\nL&rsquo;\u00c9tat et la R\u00e9gion de Franche-Comt\u00e9 se mobilisent \u00e0 chaque \u00e9dition pour organiser les s\u00e9lections r\u00e9gionales.<br \/>\nPour les 41es Olympiades des m\u00e9tiers, plusieurs s\u00e9lections r\u00e9gionales seront organis\u00e9es en partenariat avec les \u00e9tablissements de formation et les branches professionnelles de la r\u00e9gion afin de valoriser des m\u00e9tiers couvrant des secteurs aussi vari\u00e9s que l&rsquo;artisanat, l&rsquo;industrie, le b\u00e2timent ou encore les nouvelles technologies.<\/p>\n<p>Les laur\u00e9at(e)s r\u00e9gionaux auront la chance de participer dans un premier temps \u00e0 la finale nationale et, s&rsquo;ils sont s\u00e9lectionn\u00e9s, \u00e0 la comp\u00e9tition internationale qui se d\u00e9roulera \u00e0 Londres en 2011.<\/p>\n<p><strong>plus d&rsquo;infos sur <\/strong>: <a href=\"http:\/\/www.efigip.org\/themes\/olympiades-des-metiers\/230-olympiades-des-metiers-description.html\" target=\"_blank\">http:\/\/www.efigip.org\/themes\/olympiades-des-metiers\/230-olympiades-des-metiers-description.html<\/a><\/p>\n","protected":false},"excerpt":{"rendered":"<p>F\u00e9licitations \u00e0 Rony Barbe qui repr\u00e9sentera la Franche-Comt\u00e9 lors des 41\u00e8mes Olympiades des M\u00e9tiers dans la sp\u00e9cialit\u00e9 \u00ab\u00a0m\u00e9tiers du b\u00e2timent \/ Installations \u00e9lectriques\u00a0\u00bb.<\/p>\n","protected":false},"author":258,"featured_media":0,"comment_status":"open","ping_status":"open","sticky":false,"template":"","format":"standard","meta":{"ngg_post_thumbnail":0},"categories":[11],"tags":[],"post_mailing_queue_ids":[],"_links":{"self":[{"href":"http:\/\/www.choye.fr\/index.php?rest_route=\/wp\/v2\/posts\/1844"}],"collection":[{"href":"http:\/\/www.choye.fr\/index.php?rest_route=\/wp\/v2\/posts"}],"about":[{"href":"http:\/\/www.choye.fr\/index.php?rest_route=\/wp\/v2\/types\/post"}],"author":[{"embeddable":true,"href":"http:\/\/www.choye.fr\/index.php?rest_route=\/wp\/v2\/users\/258"}],"replies":[{"embeddable":true,"href":"http:\/\/www.choye.fr\/index.php?rest_route=%2Fwp%2Fv2%2Fcomments&post=1844"}],"version-history":[{"count":3,"href":"http:\/\/www.choye.fr\/index.php?rest_route=\/wp\/v2\/posts\/1844\/revisions"}],"predecessor-version":[{"id":1848,"href":"http:\/\/www.choye.fr\/index.php?rest_route=\/wp\/v2\/posts\/1844\/revisions\/1848"}],"wp:attachment":[{"href":"http:\/\/www.choye.fr\/index.php?rest_route=%2Fwp%2Fv2%2Fmedia&parent=1844"}],"wp:term":[{"taxonomy":"category","embeddable":true,"href":"http:\/\/www.choye.fr\/index.php?rest_route=%2Fwp%2Fv2%2Fcategories&post=1844"},{"taxonomy":"post_tag","embeddable":true,"href":"http:\/\/www.choye.fr\/index.php?rest_route=%2Fwp%2Fv2%2Ftags&post=1844"}],"curies":[{"name":"wp","href":"https:\/\/api.w.org\/{rel}","templated":true}]}}