{"id":1794,"date":"2010-06-01T00:54:22","date_gmt":"2010-05-31T23:54:22","guid":{"rendered":"http:\/\/www.choye.fr\/?p=1794"},"modified":"2010-06-24T16:54:45","modified_gmt":"2010-06-24T15:54:45","slug":"en-tandem-pour-la-vue","status":"publish","type":"post","link":"http:\/\/www.choye.fr\/?p=1794","title":{"rendered":"En tandem pour la vue"},"content":{"rendered":"<p><a href=\"http:\/\/www.choye.fr\/wp-content\/uploads\/2010\/05\/velo.jpg\"><img decoding=\"async\" loading=\"lazy\" class=\"alignleft size-thumbnail wp-image-1793\" title=\"velo\" src=\"http:\/\/www.choye.fr\/wp-content\/uploads\/2010\/05\/velo-120x90.jpg\" alt=\"\" width=\"120\" height=\"90\" \/><\/a>L&rsquo;association R\u00e9tina France organise un p\u00e9riple \u00ab\u00a0en tandem pour la vue\u00a0\u00bb entre Evian et le parlement europ\u00e9en de Strasbourg. Ce d\u00e9fi sportif rassemble 40 v\u00e9los tandem de sportifs b\u00e9n\u00e9voles accompagnant des d\u00e9fficients visuels. Venant de Besan\u00e7on via Charcenne, ils passeront \u00e0 Choye le 10 juin 2010entre 9h00 et 10h00. Venz les encourager.<\/p>\n","protected":false},"excerpt":{"rendered":"<p>L&rsquo;association R\u00e9tina France organise un p\u00e9riple \u00ab\u00a0en tandem pour la vue\u00a0\u00bb entre Evian et le parlement europ\u00e9en de Strasbourg. Ce d\u00e9fi sportif rassemble 40 v\u00e9los tandem de sportifs b\u00e9n\u00e9voles accompagnant des d\u00e9fficients visuels. Venant de Besan\u00e7on via Charcenne, ils passeront &hellip; <a href=\"http:\/\/www.choye.fr\/?p=1794\">Continuer la lecture <span class=\"meta-nav\">&rarr;<\/span><\/a><\/p>\n","protected":false},"author":258,"featured_media":0,"comment_status":"open","ping_status":"open","sticky":false,"template":"","format":"standard","meta":{"ngg_post_thumbnail":0},"categories":[5,11],"tags":[],"post_mailing_queue_ids":[],"_links":{"self":[{"href":"http:\/\/www.choye.fr\/index.php?rest_route=\/wp\/v2\/posts\/1794"}],"collection":[{"href":"http:\/\/www.choye.fr\/index.php?rest_route=\/wp\/v2\/posts"}],"about":[{"href":"http:\/\/www.choye.fr\/index.php?rest_route=\/wp\/v2\/types\/post"}],"author":[{"embeddable":true,"href":"http:\/\/www.choye.fr\/index.php?rest_route=\/wp\/v2\/users\/258"}],"replies":[{"embeddable":true,"href":"http:\/\/www.choye.fr\/index.php?rest_route=%2Fwp%2Fv2%2Fcomments&post=1794"}],"version-history":[{"count":4,"href":"http:\/\/www.choye.fr\/index.php?rest_route=\/wp\/v2\/posts\/1794\/revisions"}],"predecessor-version":[{"id":1829,"href":"http:\/\/www.choye.fr\/index.php?rest_route=\/wp\/v2\/posts\/1794\/revisions\/1829"}],"wp:attachment":[{"href":"http:\/\/www.choye.fr\/index.php?rest_route=%2Fwp%2Fv2%2Fmedia&parent=1794"}],"wp:term":[{"taxonomy":"category","embeddable":true,"href":"http:\/\/www.choye.fr\/index.php?rest_route=%2Fwp%2Fv2%2Fcategories&post=1794"},{"taxonomy":"post_tag","embeddable":true,"href":"http:\/\/www.choye.fr\/index.php?rest_route=%2Fwp%2Fv2%2Ftags&post=1794"}],"curies":[{"name":"wp","href":"https:\/\/api.w.org\/{rel}","templated":true}]}}