{"id":1786,"date":"2010-06-10T14:39:30","date_gmt":"2010-06-10T13:39:30","guid":{"rendered":"http:\/\/www.choye.fr\/?p=1786"},"modified":"2010-06-20T14:52:34","modified_gmt":"2010-06-20T13:52:34","slug":"conseil-municipal-5","status":"publish","type":"post","link":"http:\/\/www.choye.fr\/?p=1786","title":{"rendered":"Conseil municipal"},"content":{"rendered":"<p style=\"text-align: justify;\"><a href=\"http:\/\/www.choye.fr\/wp-content\/uploads\/2010\/05\/mairie-nouvelle-2.jpg\"><img decoding=\"async\" loading=\"lazy\" class=\"alignleft size-thumbnail wp-image-1785\" title=\"mairie-nouvelle-2\" src=\"http:\/\/www.choye.fr\/wp-content\/uploads\/2010\/05\/mairie-nouvelle-2-120x90.jpg\" alt=\"\" width=\"120\" height=\"90\" \/><\/a>Compte rendu de la r\u00e9union du\u00a0conseil municipal du\u00a0lundi 7 juin 2010.\u00a0<strong>R\u00e9novation du court de tennis : a<\/strong>pr\u00e8s avoir consult\u00e9 diff\u00e9rentes soci\u00e9t\u00e9s sp\u00e9cialis\u00e9es dans la r\u00e9novation des courts de tennis, pour le nettoyage et la remise en peinture des courts de tennis, le conseil municipal d\u00e9cide de retenir la proposition de Tennis Chem Industries \u00e0 hauteur de 3\u00a0490.00 \u20ac HT. Cette r\u00e9novation sera prise en charge \u00e0 hauteur de\u00a0 1\u00a0500 \u20ac par le club de tennis.\u00a0<strong>Syndicat intercommunal pour le fonctionnement de l\u2019\u00e9cole primaire de Gy : <\/strong>Gilles BUFFET est d\u00e9sign\u00e9 d\u00e9l\u00e9gu\u00e9 suppl\u00e9ant aux c\u00f4t\u00e9s de Thierry SAILLARD et Fanny CHASSAIN.\u00a0<strong>Logement 17 Grande Rue : <\/strong>Le maire est habilit\u00e9 par le conseil municipal \u00e0 signer le bail avec un nouveau locataire pour l\u2019appartement vacant \u00e0 compter du 1er juillet 2010.\u00a0<strong>R\u00e8gles de priorit\u00e9 au carrefour Place de Coligny \u2013 rue de l\u2019Abreuvoir, rue des Pr\u00e9s : <\/strong>apr\u00e8s consultation des services de la Direction D\u00e9partementale des Territoires (ex.DDE) et apr\u00e8s d\u00e9bat, le conseil municipal d\u00e9cide de maintenir les r\u00e8gles actuelles, permettant de ralentir les v\u00e9hicules qui doivent marquer le stop.\u00a0<strong>Acquisition d\u2019un abri d\u00e9montable pour les manifestations : l<\/strong>e conseil municipal autorise le maire \u00e0 consulter diff\u00e9rents prestataires en vue de l\u2019acquisition d\u2019un abri d\u00e9montable pour les manifestations. L\u2019amicale des pompiers a d\u00e9cid\u00e9 de financer cette acquisition \u00e0 hauteur de 4\u00a0000.00 \u20ac dans le cadre de sa dissolution.\u00a0<strong>Emprunt lotissement : l<\/strong>\u2019am\u00e9nagement du lotissement a \u00e9t\u00e9 financ\u00e9 par un emprunt \u00e0 court terme sur deux ans. Seules deux parcelles ayant \u00e9t\u00e9 vendues, le conseil municipal autorise le maire \u00e0 ren\u00e9gocier cet emprunt pour une dur\u00e9e plus longue.\u00a0<strong>Sch\u00e9ma directeur d\u2019assainissement : l<\/strong>e conseil municipal prend connaissance du travail r\u00e9alis\u00e9 par le bureau d\u2019\u00e9tude POYRY, dans le cadre du sch\u00e9ma directeur d\u2019assainissement et d\u00e9cide de prendre en charge la partie publique des raccordements pour les particuliers qui se sont acquitt\u00e9s de la taxe de raccordement \u00e0 l\u2019\u00e9gout (4\u00a0000 \u20ac) au b\u00e9n\u00e9fice de la commune.\u00a0<strong>Vide grenier: l<\/strong>e comit\u00e9 des f\u00eates ayant annonc\u00e9 son intention de ne plus organiser le vide grenier, l\u2019association Choye Animations Sports et Culture a d\u00e9cid\u00e9 de prendre le relais. Un appel aux b\u00e9n\u00e9voles est lanc\u00e9.\u00a0<strong>Subvention \u00e0 l\u2019Association l\u2019Impr\u00e9vue : <\/strong>Le conseil municipal d\u00e9cide de verser une subvention de 250 \u20ac \u00e0 l\u2019association de l\u2019IMP, l\u2019Impr\u00e9vu\u2019 en remerciement de la mise \u00e0 disposition de la piscine.\u00a0<strong>R\u00e9trocession du terrain route de Cugney au Syndicat des Eaux : l<\/strong>e conseil municipal d\u00e9cide de r\u00e9troc\u00e9der le terrain acquis par voie de pr\u00e9emption route de Cugney, dans le cadre de la protection du champ captant de la source des Jacobins \u00e0 hauteur de 6\u00a0178 \u20ac.\u00a0<strong>Vitrail : l<\/strong>e conseil municipal d\u00e9cide de solliciter une subvention aupr\u00e8s du Conseil G\u00e9n\u00e9ral de la Haute-Sa\u00f4ne pour la restauration d\u2019un vitrail de l\u2019\u00e9glise qui s\u2019est d\u00e9grad\u00e9 cet hiver.<\/p>\n","protected":false},"excerpt":{"rendered":"<p>Compte rendu de la r\u00e9union du\u00a0conseil municipal du\u00a0lundi 7 juin 2010.\u00a0R\u00e9novation du court de tennis : apr\u00e8s avoir consult\u00e9 diff\u00e9rentes soci\u00e9t\u00e9s sp\u00e9cialis\u00e9es dans la r\u00e9novation des courts de tennis, pour le nettoyage et la remise en peinture des courts de &hellip; <a href=\"http:\/\/www.choye.fr\/?p=1786\">Continuer la lecture <span class=\"meta-nav\">&rarr;<\/span><\/a><\/p>\n","protected":false},"author":258,"featured_media":0,"comment_status":"open","ping_status":"open","sticky":false,"template":"","format":"standard","meta":{"ngg_post_thumbnail":0},"categories":[30],"tags":[],"post_mailing_queue_ids":[],"_links":{"self":[{"href":"http:\/\/www.choye.fr\/index.php?rest_route=\/wp\/v2\/posts\/1786"}],"collection":[{"href":"http:\/\/www.choye.fr\/index.php?rest_route=\/wp\/v2\/posts"}],"about":[{"href":"http:\/\/www.choye.fr\/index.php?rest_route=\/wp\/v2\/types\/post"}],"author":[{"embeddable":true,"href":"http:\/\/www.choye.fr\/index.php?rest_route=\/wp\/v2\/users\/258"}],"replies":[{"embeddable":true,"href":"http:\/\/www.choye.fr\/index.php?rest_route=%2Fwp%2Fv2%2Fcomments&post=1786"}],"version-history":[{"count":4,"href":"http:\/\/www.choye.fr\/index.php?rest_route=\/wp\/v2\/posts\/1786\/revisions"}],"predecessor-version":[{"id":1822,"href":"http:\/\/www.choye.fr\/index.php?rest_route=\/wp\/v2\/posts\/1786\/revisions\/1822"}],"wp:attachment":[{"href":"http:\/\/www.choye.fr\/index.php?rest_route=%2Fwp%2Fv2%2Fmedia&parent=1786"}],"wp:term":[{"taxonomy":"category","embeddable":true,"href":"http:\/\/www.choye.fr\/index.php?rest_route=%2Fwp%2Fv2%2Fcategories&post=1786"},{"taxonomy":"post_tag","embeddable":true,"href":"http:\/\/www.choye.fr\/index.php?rest_route=%2Fwp%2Fv2%2Ftags&post=1786"}],"curies":[{"name":"wp","href":"https:\/\/api.w.org\/{rel}","templated":true}]}}