{"id":1728,"date":"2010-05-12T12:45:00","date_gmt":"2010-05-12T11:45:00","guid":{"rendered":"http:\/\/www.choye.fr\/?p=1728"},"modified":"2010-05-12T22:39:15","modified_gmt":"2010-05-12T21:39:15","slug":"bilan-d-ela-premiere-annee-de-l%e2%80%99opah","status":"publish","type":"post","link":"http:\/\/www.choye.fr\/?p=1728","title":{"rendered":"Bilan de la premi\u00e8re ann\u00e9e de l\u2019OPAH"},"content":{"rendered":"<p><a href=\"http:\/\/www.choye.fr\/wp-content\/uploads\/2010\/05\/maison.gif\"><img decoding=\"async\" loading=\"lazy\" class=\"alignleft size-thumbnail wp-image-1757\" title=\"maison\" src=\"http:\/\/www.choye.fr\/wp-content\/uploads\/2010\/05\/maison-120x90.gif\" alt=\"\" width=\"120\" height=\"90\" \/><\/a>Le 1er mai 2009 la <strong>Communaut\u00e9 de communes des Monts de Gy<\/strong> d\u00e9marrait sa premi\u00e8re ann\u00e9e d\u2019<strong>Op\u00e9ration Programm\u00e9e de l\u2019Am\u00e9lioration de l\u2019Habitat<\/strong>.\u00a0Les objectifs quantitatifs fix\u00e9s pour cette premi\u00e8re ann\u00e9e ont \u00e9t\u00e9 largement atteints pour les logements occup\u00e9s par leurs propri\u00e9taires\u00a0: <strong>19 logements r\u00e9habilit\u00e9s<\/strong> (par rapport aux 16 pr\u00e9vus), dont 6 visent des travaux d\u2019adaptabilit\u00e9 et accessibilit\u00e9 des habitations, pour un montant total des travaux de 254\u00a0200 \u20ac et des subventions \u00e0 hauteur de 71\u00a0106 \u20ac. <!--more-->Cot\u00e9 propri\u00e9taires bailleurs le bilan est plus nuanc\u00e9\u00a0:<strong> 12 logements r\u00e9habilit\u00e9s <\/strong>(par rapport aux 21 souhait\u00e9s), dont 9 en loyer conventionn\u00e9 et 3 en loyer libre, pour un montant global de travaux de 828\u00a0946 \u20ac et un total de subventions de 241\u00a0954 \u20ac accord\u00e9es, comme pour les propri\u00e9taires occupants, par l\u2019ANAH, le Conseil G\u00e9n\u00e9ral de la Haute-Saone et la Communaut\u00e9 de communes des Monts de Gy. Points positifs\u00a0: la remise sur le march\u00e9 de la location de 8 logements et le volume important des travaux qui a b\u00e9n\u00e9fici\u00e9 aux entreprises de b\u00e2timent du secteur. Pour les ann\u00e9es suivantes, la Communaut\u00e9 de communes souhaite garder parmi ses principales orientations la r\u00e9duction du nombre de logements vacants, en rappelant la consid\u00e9rable opportunit\u00e9 que l\u2019<strong>OPAH<\/strong> peut constituer pour le propri\u00e9taires bailleurs\u00a0: des subventions allant de 35% au 70% du montant des travaux, sans plafond de revenu, d\u00e9duction de 60% sur les revenus bruts fonciers dans la cadre de la loi Borloo Ancien.<\/p>\n","protected":false},"excerpt":{"rendered":"<p>Le 1er mai 2009 la Communaut\u00e9 de communes des Monts de Gy d\u00e9marrait sa premi\u00e8re ann\u00e9e d\u2019Op\u00e9ration Programm\u00e9e de l\u2019Am\u00e9lioration de l\u2019Habitat.\u00a0Les objectifs quantitatifs fix\u00e9s pour cette premi\u00e8re ann\u00e9e ont \u00e9t\u00e9 largement atteints pour les logements occup\u00e9s par leurs propri\u00e9taires\u00a0: &hellip; <a href=\"http:\/\/www.choye.fr\/?p=1728\">Continuer la lecture <span class=\"meta-nav\">&rarr;<\/span><\/a><\/p>\n","protected":false},"author":258,"featured_media":0,"comment_status":"open","ping_status":"open","sticky":false,"template":"","format":"standard","meta":{"ngg_post_thumbnail":0},"categories":[22],"tags":[],"post_mailing_queue_ids":[],"_links":{"self":[{"href":"http:\/\/www.choye.fr\/index.php?rest_route=\/wp\/v2\/posts\/1728"}],"collection":[{"href":"http:\/\/www.choye.fr\/index.php?rest_route=\/wp\/v2\/posts"}],"about":[{"href":"http:\/\/www.choye.fr\/index.php?rest_route=\/wp\/v2\/types\/post"}],"author":[{"embeddable":true,"href":"http:\/\/www.choye.fr\/index.php?rest_route=\/wp\/v2\/users\/258"}],"replies":[{"embeddable":true,"href":"http:\/\/www.choye.fr\/index.php?rest_route=%2Fwp%2Fv2%2Fcomments&post=1728"}],"version-history":[{"count":5,"href":"http:\/\/www.choye.fr\/index.php?rest_route=\/wp\/v2\/posts\/1728\/revisions"}],"predecessor-version":[{"id":1762,"href":"http:\/\/www.choye.fr\/index.php?rest_route=\/wp\/v2\/posts\/1728\/revisions\/1762"}],"wp:attachment":[{"href":"http:\/\/www.choye.fr\/index.php?rest_route=%2Fwp%2Fv2%2Fmedia&parent=1728"}],"wp:term":[{"taxonomy":"category","embeddable":true,"href":"http:\/\/www.choye.fr\/index.php?rest_route=%2Fwp%2Fv2%2Fcategories&post=1728"},{"taxonomy":"post_tag","embeddable":true,"href":"http:\/\/www.choye.fr\/index.php?rest_route=%2Fwp%2Fv2%2Ftags&post=1728"}],"curies":[{"name":"wp","href":"https:\/\/api.w.org\/{rel}","templated":true}]}}