{"id":1644,"date":"2010-03-23T09:46:30","date_gmt":"2010-03-23T08:46:30","guid":{"rendered":"http:\/\/www.choye.fr\/?p=1644"},"modified":"2010-03-23T09:50:57","modified_gmt":"2010-03-23T08:50:57","slug":"deces-de-francois-jary","status":"publish","type":"post","link":"http:\/\/www.choye.fr\/?p=1644","title":{"rendered":"D\u00e9c\u00e8s de Fran\u00e7ois Jary"},"content":{"rendered":"<p style=\"text-align: justify;\"><a href=\"http:\/\/www.choye.fr\/wp-content\/uploads\/2010\/03\/ciel.jpg\"><img decoding=\"async\" loading=\"lazy\" class=\"alignleft size-thumbnail wp-image-1646\" title=\"ciel\" src=\"http:\/\/www.choye.fr\/wp-content\/uploads\/2010\/03\/ciel-120x90.jpg\" alt=\"\" width=\"120\" height=\"90\" \/><\/a>C&rsquo;est un enfant de Choye qui a disparu ce dimanche 21 mars 2010. Fran\u00e7ois Jary \u00e9tait n\u00e9 \u00e0 Choye le 23 mai 1956, fils de Roger Jary et de Colette Rolin d\u00e9c\u00e9d\u00e9e. Apr\u00e8s un apprentissage chez Bonnaventure \u00e0 Choye, il a travaill\u00e9 au sein de l&rsquo;entreprise SOMOGAL \u00e0 Gray jusqu&rsquo;en 1975 o\u00f9 il est parti \u00e0 Paris apr\u00e8s sa r\u00e9ussite au concours de facteur. Il est revenu \u00e0 Dijon dans les ann\u00e9es 1980. Les obs\u00e8ques auront lieu en l&rsquo;\u00e9glise de Choye\u00a0le <strong>mercredi 23 mars 2010 \u00e0 14h30<\/strong>. Condol\u00e9ances.<\/p>\n","protected":false},"excerpt":{"rendered":"<p>C&rsquo;est un enfant de Choye qui a disparu ce dimanche 21 mars 2010. Fran\u00e7ois Jary \u00e9tait n\u00e9 \u00e0 Choye le 23 mai 1956, fils de Roger Jary et de Colette Rolin d\u00e9c\u00e9d\u00e9e. Apr\u00e8s un apprentissage chez Bonnaventure \u00e0 Choye, il &hellip; <a href=\"http:\/\/www.choye.fr\/?p=1644\">Continuer la lecture <span class=\"meta-nav\">&rarr;<\/span><\/a><\/p>\n","protected":false},"author":258,"featured_media":0,"comment_status":"open","ping_status":"open","sticky":false,"template":"","format":"standard","meta":{"ngg_post_thumbnail":0},"categories":[24],"tags":[],"post_mailing_queue_ids":[],"_links":{"self":[{"href":"http:\/\/www.choye.fr\/index.php?rest_route=\/wp\/v2\/posts\/1644"}],"collection":[{"href":"http:\/\/www.choye.fr\/index.php?rest_route=\/wp\/v2\/posts"}],"about":[{"href":"http:\/\/www.choye.fr\/index.php?rest_route=\/wp\/v2\/types\/post"}],"author":[{"embeddable":true,"href":"http:\/\/www.choye.fr\/index.php?rest_route=\/wp\/v2\/users\/258"}],"replies":[{"embeddable":true,"href":"http:\/\/www.choye.fr\/index.php?rest_route=%2Fwp%2Fv2%2Fcomments&post=1644"}],"version-history":[{"count":3,"href":"http:\/\/www.choye.fr\/index.php?rest_route=\/wp\/v2\/posts\/1644\/revisions"}],"predecessor-version":[{"id":1648,"href":"http:\/\/www.choye.fr\/index.php?rest_route=\/wp\/v2\/posts\/1644\/revisions\/1648"}],"wp:attachment":[{"href":"http:\/\/www.choye.fr\/index.php?rest_route=%2Fwp%2Fv2%2Fmedia&parent=1644"}],"wp:term":[{"taxonomy":"category","embeddable":true,"href":"http:\/\/www.choye.fr\/index.php?rest_route=%2Fwp%2Fv2%2Fcategories&post=1644"},{"taxonomy":"post_tag","embeddable":true,"href":"http:\/\/www.choye.fr\/index.php?rest_route=%2Fwp%2Fv2%2Ftags&post=1644"}],"curies":[{"name":"wp","href":"https:\/\/api.w.org\/{rel}","templated":true}]}}