{"id":1587,"date":"2010-03-11T00:12:16","date_gmt":"2010-03-10T23:12:16","guid":{"rendered":"http:\/\/www.choye.fr\/?p=1587"},"modified":"2010-08-01T13:51:09","modified_gmt":"2010-08-01T12:51:09","slug":"reunion-avenir-des-ecoles","status":"publish","type":"post","link":"http:\/\/www.choye.fr\/?p=1587","title":{"rendered":"R\u00e9union avenir des \u00e9coles"},"content":{"rendered":"<p style=\"text-align: justify; line-height: 14.25pt; margin: 0cm 0cm 0pt;\"><a href=\"http:\/\/www.choye.fr\/wp-content\/uploads\/2010\/03\/ecole.jpg\"><img decoding=\"async\" loading=\"lazy\" class=\"alignleft size-thumbnail wp-image-1586\" title=\"ecole\" src=\"http:\/\/www.choye.fr\/wp-content\/uploads\/2010\/03\/ecole-80x90.jpg\" alt=\"\" width=\"80\" height=\"90\" \/><\/a>Les maires de Gy et de Charcenne ont \u00e9t\u00e9 invit\u00e9s pour \u00e9voquer les projets d\u00e9battus dans le cadre des r\u00e9flexions men\u00e9es par la communaut\u00e9 de communes des Monts de Gy. Le conseil municipal ne souhaite pas d\u00e9lib\u00e9rer dans l\u2019imm\u00e9diat compte-tenu de l&rsquo;ampleur de l&rsquo;enjeu. Une nouvelle r\u00e9union de travail sera organis\u00e9e avec les \u00e9lus de Charcenne.\u00a0<img decoding=\"async\" loading=\"lazy\" src=\"file:\/\/\/C:\/Users\/GUY\/AppData\/Local\/Temp\/msohtmlclip1\/01\/clip_image001.gif\" alt=\"\" width=\"1\" height=\"1\" \/>Une <strong>r\u00e9union d\u2019information pour les habitants de Choye <\/strong>est organis\u00e9e\u00a0<strong>le lundi 22 mars \u00e0 19h00 \u00e0 la Mairie<\/strong>.<\/p>\n<p style=\"text-align: justify; line-height: 14.25pt; margin: 0cm 0cm 0pt;\">Contact\u00a0: Thierry Saillard.<\/p>\n<p style=\"text-align: justify; margin: 0cm 0cm 0pt;\">\u00a0<\/p>\n","protected":false},"excerpt":{"rendered":"<p>Les maires de Gy et de Charcenne ont \u00e9t\u00e9 invit\u00e9s pour \u00e9voquer les projets d\u00e9battus dans le cadre des r\u00e9flexions men\u00e9es par la communaut\u00e9 de communes des Monts de Gy. Le conseil municipal ne souhaite pas d\u00e9lib\u00e9rer dans l\u2019imm\u00e9diat compte-tenu &hellip; <a href=\"http:\/\/www.choye.fr\/?p=1587\">Continuer la lecture <span class=\"meta-nav\">&rarr;<\/span><\/a><\/p>\n","protected":false},"author":258,"featured_media":0,"comment_status":"open","ping_status":"open","sticky":false,"template":"","format":"standard","meta":{"ngg_post_thumbnail":0},"categories":[13,11],"tags":[],"post_mailing_queue_ids":[],"_links":{"self":[{"href":"http:\/\/www.choye.fr\/index.php?rest_route=\/wp\/v2\/posts\/1587"}],"collection":[{"href":"http:\/\/www.choye.fr\/index.php?rest_route=\/wp\/v2\/posts"}],"about":[{"href":"http:\/\/www.choye.fr\/index.php?rest_route=\/wp\/v2\/types\/post"}],"author":[{"embeddable":true,"href":"http:\/\/www.choye.fr\/index.php?rest_route=\/wp\/v2\/users\/258"}],"replies":[{"embeddable":true,"href":"http:\/\/www.choye.fr\/index.php?rest_route=%2Fwp%2Fv2%2Fcomments&post=1587"}],"version-history":[{"count":6,"href":"http:\/\/www.choye.fr\/index.php?rest_route=\/wp\/v2\/posts\/1587\/revisions"}],"predecessor-version":[{"id":1949,"href":"http:\/\/www.choye.fr\/index.php?rest_route=\/wp\/v2\/posts\/1587\/revisions\/1949"}],"wp:attachment":[{"href":"http:\/\/www.choye.fr\/index.php?rest_route=%2Fwp%2Fv2%2Fmedia&parent=1587"}],"wp:term":[{"taxonomy":"category","embeddable":true,"href":"http:\/\/www.choye.fr\/index.php?rest_route=%2Fwp%2Fv2%2Fcategories&post=1587"},{"taxonomy":"post_tag","embeddable":true,"href":"http:\/\/www.choye.fr\/index.php?rest_route=%2Fwp%2Fv2%2Ftags&post=1587"}],"curies":[{"name":"wp","href":"https:\/\/api.w.org\/{rel}","templated":true}]}}