{"id":1552,"date":"2010-03-27T00:03:11","date_gmt":"2010-03-26T23:03:11","guid":{"rendered":"http:\/\/www.choye.fr\/?p=1552"},"modified":"2010-04-08T17:47:53","modified_gmt":"2010-04-08T16:47:53","slug":"calendrier-du-plan-local-durbanisme-plu","status":"publish","type":"post","link":"http:\/\/www.choye.fr\/?p=1552","title":{"rendered":"Plan Local d&rsquo;Urbanisme (PLU)"},"content":{"rendered":"<p style=\"TEXT-ALIGN: justify; MARGIN: 0cm 0cm 0pt\"><a href=\"http:\/\/www.choye.fr\/wp-content\/uploads\/2010\/03\/pos1.gif\"><img decoding=\"async\" loading=\"lazy\" class=\"alignleft size-thumbnail wp-image-1630\" title=\"pos1\" src=\"http:\/\/www.choye.fr\/wp-content\/uploads\/2010\/03\/pos1-120x90.gif\" alt=\"\" width=\"120\" height=\"90\" \/><\/a>A Choye, c\u2019est un Plan d\u2019Occupation des Sols (P.O.S.) qui d\u00e9finit les r\u00e8gles pour chaque zone d\u00e9finie sur le territoire communal\u00a0: zones \u00e0 vocation agricole, zones constructibles ou non constructibles, r\u00e8gles de constructions, espaces naturels \u00e0 prot\u00e9ger\u2026 Une loi a transform\u00e9 les plans d\u2019occupation des sols en Plans locaux d\u2019Urbanisme (P.L.U.).\u00a0La Communaut\u00e9 de communes des Monts de Gy s\u2019est vu confier, par ses communes, la mission d\u2019\u00e9laborer un nouveau P.L.U. qui remplacera, pour chacune de nos communes, les diff\u00e9rents P.O.S. ou documents d\u2019urbanisme existants. <!--more--><\/p>\n<p style=\"TEXT-ALIGN: justify; MARGIN: 0cm 0cm 0pt\">\n<p style=\"TEXT-ALIGN: justify; MARGIN: 0cm 0cm 0pt\">Le Plan local d\u2019Urbanisme doit\u00a0permettre le d\u00e9veloppement \u00e9conomique et le d\u00e9veloppement de l\u2019habitat tout en pr\u00e9servant l\u2019activit\u00e9 agricole et l\u2019environnement.\u00a0Il\u00a0se compose d\u2019un \u00ab\u00a0Rapport de pr\u00e9sentation\u00a0\u00bb des enjeux et des dispositions prises, d\u2019un \u00ab\u00a0Projet d\u2019am\u00e9nagement et de d\u00e9veloppement durable\u00a0\u00bb qui permet de d\u00e9finir le projet urbain en fixant les grandes orientations en mati\u00e8re d\u2019am\u00e9nagement, de d\u00e9veloppement et de protection de l\u2019environnement. Enfin, il comporte des \u00ab\u00a0documents graphiques\u00a0\u00bb qui d\u00e9limitent les zones urbanis\u00e9es, \u00e0 urbaniser, les zones agricoles et naturelles ainsi qu\u2019un \u00ab\u00a0R\u00e8glement\u00a0\u00bb qui fixe les r\u00e8gles applicables \u00e0 l\u2019int\u00e9rieur de chacune des zones d\u00e9limit\u00e9es sur le territoire communal et intercommunal.<\/p>\n<p style=\"TEXT-ALIGN: justify; MARGIN: 0cm 0cm 0pt\">\n<p style=\"TEXT-ALIGN: justify; MARGIN: 0cm 0cm 0pt\">Pendant toute la dur\u00e9e de l\u2019\u00e9laboration du P.L.U., une diffusion de l\u2019information la plus large possible sera faite afin de recevoir les remarques et r\u00e9actions de l\u2019ensemble des habitants de Choye et de la communaut\u00e9 de communes.\u00a0<strong>Un registre est\u00a0mis \u00e0 votre disposition en mairie<\/strong>.<\/p>\n<p style=\"TEXT-ALIGN: justify; MARGIN: 0cm 0cm 0pt\">\u00a0<\/p>\n","protected":false},"excerpt":{"rendered":"<p>A Choye, c\u2019est un Plan d\u2019Occupation des Sols (P.O.S.) qui d\u00e9finit les r\u00e8gles pour chaque zone d\u00e9finie sur le territoire communal\u00a0: zones \u00e0 vocation agricole, zones constructibles ou non constructibles, r\u00e8gles de constructions, espaces naturels \u00e0 prot\u00e9ger\u2026 Une loi a &hellip; <a href=\"http:\/\/www.choye.fr\/?p=1552\">Continuer la lecture <span class=\"meta-nav\">&rarr;<\/span><\/a><\/p>\n","protected":false},"author":258,"featured_media":0,"comment_status":"open","ping_status":"open","sticky":false,"template":"","format":"standard","meta":{"ngg_post_thumbnail":0},"categories":[22,11],"tags":[],"post_mailing_queue_ids":[],"_links":{"self":[{"href":"http:\/\/www.choye.fr\/index.php?rest_route=\/wp\/v2\/posts\/1552"}],"collection":[{"href":"http:\/\/www.choye.fr\/index.php?rest_route=\/wp\/v2\/posts"}],"about":[{"href":"http:\/\/www.choye.fr\/index.php?rest_route=\/wp\/v2\/types\/post"}],"author":[{"embeddable":true,"href":"http:\/\/www.choye.fr\/index.php?rest_route=\/wp\/v2\/users\/258"}],"replies":[{"embeddable":true,"href":"http:\/\/www.choye.fr\/index.php?rest_route=%2Fwp%2Fv2%2Fcomments&post=1552"}],"version-history":[{"count":7,"href":"http:\/\/www.choye.fr\/index.php?rest_route=\/wp\/v2\/posts\/1552\/revisions"}],"predecessor-version":[{"id":1628,"href":"http:\/\/www.choye.fr\/index.php?rest_route=\/wp\/v2\/posts\/1552\/revisions\/1628"}],"wp:attachment":[{"href":"http:\/\/www.choye.fr\/index.php?rest_route=%2Fwp%2Fv2%2Fmedia&parent=1552"}],"wp:term":[{"taxonomy":"category","embeddable":true,"href":"http:\/\/www.choye.fr\/index.php?rest_route=%2Fwp%2Fv2%2Fcategories&post=1552"},{"taxonomy":"post_tag","embeddable":true,"href":"http:\/\/www.choye.fr\/index.php?rest_route=%2Fwp%2Fv2%2Ftags&post=1552"}],"curies":[{"name":"wp","href":"https:\/\/api.w.org\/{rel}","templated":true}]}}