{"id":1547,"date":"2010-03-02T21:00:35","date_gmt":"2010-03-02T20:00:35","guid":{"rendered":"http:\/\/www.choye.fr\/?p=1547"},"modified":"2010-03-02T21:00:35","modified_gmt":"2010-03-02T20:00:35","slug":"thierry-saillard-nouvel-adjoint-au-maire","status":"publish","type":"post","link":"http:\/\/www.choye.fr\/?p=1547","title":{"rendered":"Thierry Saillard, nouvel adjoint au maire"},"content":{"rendered":"<p><a href=\"http:\/\/www.choye.fr\/wp-content\/uploads\/2010\/03\/saillard-thierry-copie.jpg\"><img decoding=\"async\" loading=\"lazy\" class=\"alignleft size-thumbnail wp-image-1548\" title=\"saillard-thierry-copie\" src=\"http:\/\/www.choye.fr\/wp-content\/uploads\/2010\/03\/saillard-thierry-copie-120x90.jpg\" alt=\"\" width=\"120\" height=\"90\" \/><\/a><\/p>\n<p style=\"text-align: justify;\">Thierry Saillard a \u00e9t\u00e9 \u00e9lu Adjoint au maire de Choye par le conseil municipal le 1er mars 2010.\u00a0 Ag\u00e9 de 38 ans, fonctionnaire territorial dans les services du p\u00f4le culture de la mairie de Besan\u00e7on, Thierry s&rsquo;est notamment investi dans la cr\u00e9ation et l&rsquo;animation de notre site \u00ab\u00a0choye.fr\u00a0\u00bb dont il est webmaster, la cr\u00e9ation des documents de communication, les questions relatives \u00e0 la vie scolaire et l&rsquo;organisation des animations. F\u00e9licitations.<\/p>\n","protected":false},"excerpt":{"rendered":"<p>Thierry Saillard a \u00e9t\u00e9 \u00e9lu Adjoint au maire de Choye par le conseil municipal le 1er mars 2010.\u00a0 Ag\u00e9 de 38 ans, fonctionnaire territorial dans les services du p\u00f4le culture de la mairie de Besan\u00e7on, Thierry s&rsquo;est notamment investi dans &hellip; <a href=\"http:\/\/www.choye.fr\/?p=1547\">Continuer la lecture <span class=\"meta-nav\">&rarr;<\/span><\/a><\/p>\n","protected":false},"author":258,"featured_media":0,"comment_status":"open","ping_status":"open","sticky":false,"template":"","format":"standard","meta":{"ngg_post_thumbnail":0},"categories":[12],"tags":[],"post_mailing_queue_ids":[],"_links":{"self":[{"href":"http:\/\/www.choye.fr\/index.php?rest_route=\/wp\/v2\/posts\/1547"}],"collection":[{"href":"http:\/\/www.choye.fr\/index.php?rest_route=\/wp\/v2\/posts"}],"about":[{"href":"http:\/\/www.choye.fr\/index.php?rest_route=\/wp\/v2\/types\/post"}],"author":[{"embeddable":true,"href":"http:\/\/www.choye.fr\/index.php?rest_route=\/wp\/v2\/users\/258"}],"replies":[{"embeddable":true,"href":"http:\/\/www.choye.fr\/index.php?rest_route=%2Fwp%2Fv2%2Fcomments&post=1547"}],"version-history":[{"count":1,"href":"http:\/\/www.choye.fr\/index.php?rest_route=\/wp\/v2\/posts\/1547\/revisions"}],"predecessor-version":[{"id":1549,"href":"http:\/\/www.choye.fr\/index.php?rest_route=\/wp\/v2\/posts\/1547\/revisions\/1549"}],"wp:attachment":[{"href":"http:\/\/www.choye.fr\/index.php?rest_route=%2Fwp%2Fv2%2Fmedia&parent=1547"}],"wp:term":[{"taxonomy":"category","embeddable":true,"href":"http:\/\/www.choye.fr\/index.php?rest_route=%2Fwp%2Fv2%2Fcategories&post=1547"},{"taxonomy":"post_tag","embeddable":true,"href":"http:\/\/www.choye.fr\/index.php?rest_route=%2Fwp%2Fv2%2Ftags&post=1547"}],"curies":[{"name":"wp","href":"https:\/\/api.w.org\/{rel}","templated":true}]}}