{"id":1541,"date":"2010-03-01T23:55:32","date_gmt":"2010-03-01T22:55:32","guid":{"rendered":"http:\/\/www.choye.fr\/?p=1541"},"modified":"2010-03-11T01:09:20","modified_gmt":"2010-03-11T00:09:20","slug":"conseil-municipal-3","status":"publish","type":"post","link":"http:\/\/www.choye.fr\/?p=1541","title":{"rendered":"Conseil municipal du 1er mars 2010"},"content":{"rendered":"<p><a href=\"http:\/\/www.choye.fr\/wp-content\/uploads\/2010\/02\/mairie-nouvelle-2.jpg\"><img decoding=\"async\" loading=\"lazy\" class=\"alignleft size-thumbnail wp-image-1540\" title=\"mairie-nouvelle-2\" src=\"http:\/\/www.choye.fr\/wp-content\/uploads\/2010\/02\/mairie-nouvelle-2-120x90.jpg\" alt=\"\" width=\"120\" height=\"90\" \/><\/a> <strong>Election d\u2019un nouvel adjoint au Maire<\/strong><br \/>\nSuite \u00e0 la d\u00e9mission de R\u00e9my Charbonnet, Gilles Maillard pr\u00e9c\u00e9demment 2\u00e8me adjoint le remplace dans ses fonctions de Premier adjoint au Maire. Nicole Pauly, pr\u00e9c\u00e9demment troisi\u00e8me adjointe au maire devient deuxi\u00e8me adjointe et Thierry Saillard est \u00e9lu troisi\u00e8me adjoint. Le conseil municipal a proc\u00e9d\u00e9 \u00e0 l\u2019ajustement de ses repr\u00e9sentants dans les organismes ext\u00e9rieurs.<!--more--><br \/>\n<strong> Convention d\u2019assistance Technique avec l\u2019Etat (ATESAT)<\/strong><br \/>\nLe conseil municipal autorise le maire \u00e0 signer la convention d\u2019assistance technique qui devrait permettre \u00e0 la commune de b\u00e9n\u00e9ficier des conseils des services de la direction d\u00e9partementale des territoires (Ex DDE).<br \/>\n<strong> <\/strong><\/p>\n<p><strong>Passage rue de la Crotti\u00e8re\/Grande Rue<\/strong><br \/>\nCompte-tenu de l\u2019avis d\u00e9favorable d\u2019un des riverains sur le principe de la vente de ce passage aux riverains, le conseil municipal d\u00e9cide de conserver ce chemin dans le domaine public communal.<br \/>\n<strong> <\/strong><\/p>\n<p><strong>Convention avec le Centre de gestion de la fonction publique de la Haute-Sa\u00f4ne (CDG 70)<\/strong><br \/>\nLe conseil municipal autorise le maire \u00e0 signer une convention avec le Centre de gestion de la fonction publique de la Haute-Sa\u00f4ne pour l\u2019\u00e9laboration du document unique d\u2019\u00e9valuation des risques auxquels sont soumis les agents communaux dans le cadre de leurs fonctions.<br \/>\n<strong> <\/strong><\/p>\n<p><strong>Immeubles mena\u00e7ant ruine<\/strong><br \/>\nLe maire informe le conseil municipal de l&rsquo;\u00e9volution des proc\u00e9dures en cours concernant les immeubles mena\u00e7ant ruine Grande rue et rue du Chatelet.<\/p>\n","protected":false},"excerpt":{"rendered":"<p>Election d\u2019un nouvel adjoint au Maire Suite \u00e0 la d\u00e9mission de R\u00e9my Charbonnet, Gilles Maillard pr\u00e9c\u00e9demment 2\u00e8me adjoint le remplace dans ses fonctions de Premier adjoint au Maire. Nicole Pauly, pr\u00e9c\u00e9demment troisi\u00e8me adjointe au maire devient deuxi\u00e8me adjointe et Thierry &hellip; <a href=\"http:\/\/www.choye.fr\/?p=1541\">Continuer la lecture <span class=\"meta-nav\">&rarr;<\/span><\/a><\/p>\n","protected":false},"author":258,"featured_media":0,"comment_status":"open","ping_status":"open","sticky":false,"template":"","format":"standard","meta":{"ngg_post_thumbnail":0},"categories":[30],"tags":[],"post_mailing_queue_ids":[],"_links":{"self":[{"href":"http:\/\/www.choye.fr\/index.php?rest_route=\/wp\/v2\/posts\/1541"}],"collection":[{"href":"http:\/\/www.choye.fr\/index.php?rest_route=\/wp\/v2\/posts"}],"about":[{"href":"http:\/\/www.choye.fr\/index.php?rest_route=\/wp\/v2\/types\/post"}],"author":[{"embeddable":true,"href":"http:\/\/www.choye.fr\/index.php?rest_route=\/wp\/v2\/users\/258"}],"replies":[{"embeddable":true,"href":"http:\/\/www.choye.fr\/index.php?rest_route=%2Fwp%2Fv2%2Fcomments&post=1541"}],"version-history":[{"count":6,"href":"http:\/\/www.choye.fr\/index.php?rest_route=\/wp\/v2\/posts\/1541\/revisions"}],"predecessor-version":[{"id":1599,"href":"http:\/\/www.choye.fr\/index.php?rest_route=\/wp\/v2\/posts\/1541\/revisions\/1599"}],"wp:attachment":[{"href":"http:\/\/www.choye.fr\/index.php?rest_route=%2Fwp%2Fv2%2Fmedia&parent=1541"}],"wp:term":[{"taxonomy":"category","embeddable":true,"href":"http:\/\/www.choye.fr\/index.php?rest_route=%2Fwp%2Fv2%2Fcategories&post=1541"},{"taxonomy":"post_tag","embeddable":true,"href":"http:\/\/www.choye.fr\/index.php?rest_route=%2Fwp%2Fv2%2Ftags&post=1541"}],"curies":[{"name":"wp","href":"https:\/\/api.w.org\/{rel}","templated":true}]}}