{"id":1507,"date":"2010-02-06T17:21:32","date_gmt":"2010-02-06T16:21:32","guid":{"rendered":"http:\/\/www.choye.fr\/?p=1507"},"modified":"2010-02-12T10:55:51","modified_gmt":"2010-02-12T09:55:51","slug":"inauguration-de-la-mairie","status":"publish","type":"post","link":"http:\/\/www.choye.fr\/?p=1507","title":{"rendered":"Inauguration de la Mairie"},"content":{"rendered":"<p><a href=\"http:\/\/www.choye.fr\/wp-content\/uploads\/2010\/01\/mairie-nouvelle-2.jpg\"><\/a><\/p>\n<p class=\"MsoNormal\" style=\"TEXT-ALIGN: justify; MARGIN: 0cm 0cm 0pt\"><a href=\"http:\/\/www.choye.fr\/wp-content\/uploads\/2010\/02\/mairie_inauguration.jpg\"><img decoding=\"async\" loading=\"lazy\" class=\"alignleft size-thumbnail wp-image-1526\" title=\"mairie_inauguration\" src=\"http:\/\/www.choye.fr\/wp-content\/uploads\/2010\/02\/mairie_inauguration-120x90.jpg\" alt=\"\" width=\"120\" height=\"90\" srcset=\"http:\/\/www.choye.fr\/wp-content\/uploads\/2010\/02\/mairie_inauguration-120x90.jpg 120w, http:\/\/www.choye.fr\/wp-content\/uploads\/2010\/02\/mairie_inauguration-300x225.jpg 300w, http:\/\/www.choye.fr\/wp-content\/uploads\/2010\/02\/mairie_inauguration-768x575.jpg 768w, http:\/\/www.choye.fr\/wp-content\/uploads\/2010\/02\/mairie_inauguration.jpg 800w\" sizes=\"(max-width: 120px) 100vw, 120px\" \/><\/a>La pluie de ce samedi matin n&rsquo;a pas d\u00e9courag\u00e9 les nombreux participants \u00e0 l&rsquo;inauguration de la Mairie par <strong>MM. Pierre-Andr\u00e9 DURAND<\/strong>, Pr\u00e9fet de Haute-Sa\u00f4ne, <strong>Patrice DEBRAY<\/strong>, D\u00e9put\u00e9,\u00a0<strong>Jean-Paul CARTERET<\/strong>, Conseiller R\u00e9gional, <strong>Paul CHEVIET<\/strong>, Conseiller g\u00e9n\u00e9ral\u00a0, <strong>Guy CHEVANNE<\/strong>, Maire de Choye, et <strong>Jean-Luc DUMONT<\/strong>, Maire honoraire. Des maires de la Communaut\u00e9 de communes, les conseillers municipaux de Choye et de nombreux habitants avaient r\u00e9pondu pr\u00e9sent pour cette sympatique manifestation.\u00a0<!--more--><\/p>\n<p style=\"TEXT-ALIGN: justify; MARGIN: 0cm 0cm 0pt\"><strong>Sylviane Liger<\/strong> et <strong>Jacky Leboeuf<\/strong>, deux artistes de Choye, avaient organis\u00e9 la premi\u00e8re exposition de peinture avec quelques unes de leurs oeuvres.\u00a0<\/p>\n<p style=\"TEXT-ALIGN: justify; MARGIN: 0cm 0cm 0pt\"><a href=\"http:\/\/www.choye.fr\/wp-content\/uploads\/2010\/02\/20100206-mairie-inauguration.jpg\"><img decoding=\"async\" loading=\"lazy\" class=\"alignright size-thumbnail wp-image-1519\" title=\"20100206-mairie-inauguration\" src=\"http:\/\/www.choye.fr\/wp-content\/uploads\/2010\/02\/20100206-mairie-inauguration-120x90.jpg\" alt=\"\" width=\"120\" height=\"90\" srcset=\"http:\/\/www.choye.fr\/wp-content\/uploads\/2010\/02\/20100206-mairie-inauguration-120x90.jpg 120w, http:\/\/www.choye.fr\/wp-content\/uploads\/2010\/02\/20100206-mairie-inauguration-300x225.jpg 300w, http:\/\/www.choye.fr\/wp-content\/uploads\/2010\/02\/20100206-mairie-inauguration.jpg 448w\" sizes=\"(max-width: 120px) 100vw, 120px\" \/><\/a>Les travaux qui se sont \u00e9lev\u00e9s \u00e0 hauteur de\u00a0340\u00a0000 \u20ac TTC ont b\u00e9n\u00e9fici\u00e9 de subventions de l&rsquo;Etat (100\u00a0000 \u20ac) du D\u00e9put\u00e9 au titre de la r\u00e9serve parlementaire (10\u00a0000 \u20ac), du\u00a0Conseil g\u00e9n\u00e9ral\u00a0 pour l&rsquo;accessibilit\u00e9 (10\u00a0000 \u20ac) et du Conseil\u00a0r\u00e9gional (9\u00a0000 \u20ac)\u00a0soit un total de subvention de 37 %. Le reste \u00e0 \u00e9t\u00e9 financ\u00e9 par la commune par voie d&#8217;emprunt (120\u00a0000 \u20ac) et par\u00a0des fonds provenant de la vente de l\u2019ancien presbyt\u00e8re\u00a0(130\u00a0000 \u20ac).<\/p>\n<p style=\"TEXT-ALIGN: justify; MARGIN: 0cm 0cm 0pt\">Les travaux ont permis de mettre en valeur le patrimoine municipal\u00a0et de rendre\u00a0la mairie accessible de plain pied aux personnes handicap\u00e9s. Tous les orateurs ont soulign\u00e9 la qualit\u00e9 des travaux et ont remerci\u00e9 l&rsquo;architecte,\u00a0<strong>Serge Dumont<\/strong> de la SOTEB, les entreprises et tous ceux \u00e9lus et b\u00e9n\u00e9voles qui ont particip\u00e9 au chantier et au d\u00e9m\u00e9nagement de la mairie.\u00a0\u00a0<\/p>\n","protected":false},"excerpt":{"rendered":"<p>La pluie de ce samedi matin n&rsquo;a pas d\u00e9courag\u00e9 les nombreux participants \u00e0 l&rsquo;inauguration de la Mairie par MM. Pierre-Andr\u00e9 DURAND, Pr\u00e9fet de Haute-Sa\u00f4ne, Patrice DEBRAY, D\u00e9put\u00e9,\u00a0Jean-Paul CARTERET, Conseiller R\u00e9gional, Paul CHEVIET, Conseiller g\u00e9n\u00e9ral\u00a0, Guy CHEVANNE, Maire de Choye, et &hellip; <a href=\"http:\/\/www.choye.fr\/?p=1507\">Continuer la lecture <span class=\"meta-nav\">&rarr;<\/span><\/a><\/p>\n","protected":false},"author":258,"featured_media":0,"comment_status":"open","ping_status":"open","sticky":false,"template":"","format":"standard","meta":{"ngg_post_thumbnail":0},"categories":[11,12],"tags":[],"post_mailing_queue_ids":[],"_links":{"self":[{"href":"http:\/\/www.choye.fr\/index.php?rest_route=\/wp\/v2\/posts\/1507"}],"collection":[{"href":"http:\/\/www.choye.fr\/index.php?rest_route=\/wp\/v2\/posts"}],"about":[{"href":"http:\/\/www.choye.fr\/index.php?rest_route=\/wp\/v2\/types\/post"}],"author":[{"embeddable":true,"href":"http:\/\/www.choye.fr\/index.php?rest_route=\/wp\/v2\/users\/258"}],"replies":[{"embeddable":true,"href":"http:\/\/www.choye.fr\/index.php?rest_route=%2Fwp%2Fv2%2Fcomments&post=1507"}],"version-history":[{"count":9,"href":"http:\/\/www.choye.fr\/index.php?rest_route=\/wp\/v2\/posts\/1507\/revisions"}],"predecessor-version":[{"id":1529,"href":"http:\/\/www.choye.fr\/index.php?rest_route=\/wp\/v2\/posts\/1507\/revisions\/1529"}],"wp:attachment":[{"href":"http:\/\/www.choye.fr\/index.php?rest_route=%2Fwp%2Fv2%2Fmedia&parent=1507"}],"wp:term":[{"taxonomy":"category","embeddable":true,"href":"http:\/\/www.choye.fr\/index.php?rest_route=%2Fwp%2Fv2%2Fcategories&post=1507"},{"taxonomy":"post_tag","embeddable":true,"href":"http:\/\/www.choye.fr\/index.php?rest_route=%2Fwp%2Fv2%2Ftags&post=1507"}],"curies":[{"name":"wp","href":"https:\/\/api.w.org\/{rel}","templated":true}]}}