{"id":1474,"date":"2010-01-15T20:04:18","date_gmt":"2010-01-15T19:04:18","guid":{"rendered":"http:\/\/www.choye.fr\/?p=1474"},"modified":"2010-01-20T10:39:29","modified_gmt":"2010-01-20T09:39:29","slug":"deces-dadrienne-bornet","status":"publish","type":"post","link":"http:\/\/www.choye.fr\/?p=1474","title":{"rendered":"D\u00e9c\u00e8s d&rsquo;Adrienne Bornet"},"content":{"rendered":"<div style=\"text-align: justify;\"><span style=\"font-size: x-small; font-family: Arial;\"><a href=\"http:\/\/www.choye.fr\/wp-content\/uploads\/2010\/01\/bornet-adrienne-copie.jpg\"><img decoding=\"async\" loading=\"lazy\" class=\"alignleft size-thumbnail wp-image-1478\" title=\"bornet-adrienne-copie\" src=\"http:\/\/www.choye.fr\/wp-content\/uploads\/2010\/01\/bornet-adrienne-copie-120x90.jpg\" alt=\"\" width=\"120\" height=\"90\" \/><\/a><\/span><strong>Adrienne Bornet<\/strong> \u00e9tait n\u00e9e\u00a0le 1924 \u00e0 Strasbourg. Engag\u00e9e volontaire en Indochine en janvier 1950, elle restera dans l&rsquo;arm\u00e9e jusqu&rsquo;\u00e0 son d\u00e9part \u00e0 la retraite en 1973 avec le grade d&rsquo;adjudant-chef. Adrienne a re\u00e7u la Croix du Combattant en 1958, la Croix du Combattant Volontaire (Indochine) en 1986. Elle \u00e9tait titulaire de la M\u00e9daille Militaire. Ils se sont install\u00e9s \u00e0 Choye pour leur retraite avec son \u00e9poux,\u00a0Hubert Bornet, natif du village, d\u00e9c\u00e9d\u00e9 en 1976.\u00a0Ils ont eu\u00a02 enfants, Marie-Laure et Bernard,\u00a05 petits enfants et\u00a07 arri\u00e8res-petits-enfants.<\/div>\n<div style=\"text-align: justify;\">Adrienne \u00e9tait une figure du\u00a0village :\u00a0elle a fait partie de la chorale paroissiale et a \u00e9t\u00e9 charg\u00e9e du cat\u00e9chisme pendant 9 ans. Membre du Syndicat d&rsquo;Initiative, elle a cr\u00e9\u00e9 en 1979, le club du 3\u00e8 age \u00a0\u00bb La Colombine\u00a0\u00bb qu&rsquo;elle a pr\u00e9sid\u00e9 pendant 29 ans, jusqu&rsquo;en 2008. Secr\u00e9taire de la section des Anciens Combattants de Choye jusqu&rsquo;en 2008, elle \u00e9tait vice pr\u00e9sidente et secr\u00e9taire de la section des m\u00e9daill\u00e9s militaires de Gray.<\/div>\n<div style=\"text-align: justify;\">\n<div>Obs\u00e8ques : lundi 18 janvier, \u00e0 14 h 30, \u00e9glise de Choye. Condol\u00e9ances.<\/div>\n<\/div>\n","protected":false},"excerpt":{"rendered":"<p>Adrienne Bornet \u00e9tait n\u00e9e\u00a0le 1924 \u00e0 Strasbourg. Engag\u00e9e volontaire en Indochine en janvier 1950, elle restera dans l&rsquo;arm\u00e9e jusqu&rsquo;\u00e0 son d\u00e9part \u00e0 la retraite en 1973 avec le grade d&rsquo;adjudant-chef. Adrienne a re\u00e7u la Croix du Combattant en 1958, la &hellip; <a href=\"http:\/\/www.choye.fr\/?p=1474\">Continuer la lecture <span class=\"meta-nav\">&rarr;<\/span><\/a><\/p>\n","protected":false},"author":258,"featured_media":0,"comment_status":"open","ping_status":"open","sticky":false,"template":"","format":"standard","meta":{"ngg_post_thumbnail":0},"categories":[24],"tags":[],"post_mailing_queue_ids":[],"_links":{"self":[{"href":"http:\/\/www.choye.fr\/index.php?rest_route=\/wp\/v2\/posts\/1474"}],"collection":[{"href":"http:\/\/www.choye.fr\/index.php?rest_route=\/wp\/v2\/posts"}],"about":[{"href":"http:\/\/www.choye.fr\/index.php?rest_route=\/wp\/v2\/types\/post"}],"author":[{"embeddable":true,"href":"http:\/\/www.choye.fr\/index.php?rest_route=\/wp\/v2\/users\/258"}],"replies":[{"embeddable":true,"href":"http:\/\/www.choye.fr\/index.php?rest_route=%2Fwp%2Fv2%2Fcomments&post=1474"}],"version-history":[{"count":10,"href":"http:\/\/www.choye.fr\/index.php?rest_route=\/wp\/v2\/posts\/1474\/revisions"}],"predecessor-version":[{"id":1485,"href":"http:\/\/www.choye.fr\/index.php?rest_route=\/wp\/v2\/posts\/1474\/revisions\/1485"}],"wp:attachment":[{"href":"http:\/\/www.choye.fr\/index.php?rest_route=%2Fwp%2Fv2%2Fmedia&parent=1474"}],"wp:term":[{"taxonomy":"category","embeddable":true,"href":"http:\/\/www.choye.fr\/index.php?rest_route=%2Fwp%2Fv2%2Fcategories&post=1474"},{"taxonomy":"post_tag","embeddable":true,"href":"http:\/\/www.choye.fr\/index.php?rest_route=%2Fwp%2Fv2%2Ftags&post=1474"}],"curies":[{"name":"wp","href":"https:\/\/api.w.org\/{rel}","templated":true}]}}