{"id":1465,"date":"2010-01-27T21:30:44","date_gmt":"2010-01-27T20:30:44","guid":{"rendered":"http:\/\/www.choye.fr\/?p=1465"},"modified":"2010-01-28T10:28:05","modified_gmt":"2010-01-28T09:28:05","slug":"conseil-municipal-2","status":"publish","type":"post","link":"http:\/\/www.choye.fr\/?p=1465","title":{"rendered":"Conseil municipal"},"content":{"rendered":"<p style=\"margin: 0cm 0cm 0pt; text-align: justify;\"><a href=\"http:\/\/www.choye.fr\/wp-content\/uploads\/2010\/01\/mairie-nouvelle-211.jpg\"><img decoding=\"async\" loading=\"lazy\" class=\"alignleft size-thumbnail wp-image-1467\" title=\"mairie-nouvelle-211\" src=\"http:\/\/www.choye.fr\/wp-content\/uploads\/2010\/01\/mairie-nouvelle-211-120x90.jpg\" alt=\"\" width=\"120\" height=\"90\" \/><\/a><\/p>\n<p style=\"margin: 0cm 0cm 0pt;\"><strong>Avenir des \u00e9coles suite aux r\u00e9flexions men\u00e9es par la communaut\u00e9 de communes des Monts de Gy<\/strong><\/p>\n<p style=\"margin: 0cm 0cm 0pt;\">Le Maire de Gy et le Maire de Charcenne ont \u00e9t\u00e9 invit\u00e9s pour \u00e9voquer les projets d\u00e9battus dans le cadre de la communaut\u00e9 de communes. Le conseil municipal ne souhaite pas d\u00e9lib\u00e9rer dans l\u2019imm\u00e9diat compte-tenu de l&rsquo;ampleur de l&rsquo;enjeu. Une nouvelle r\u00e9union de travail sera organis\u00e9e avec les \u00e9lus de Charcenne.\u00a0<!--more--><\/p>\n<p style=\"margin: 0cm 0cm 0pt;\"><strong>Etude de faisabilit\u00e9 sur la location du ch\u00e2teau de Choye<\/strong><\/p>\n<p style=\"margin: 0cm 0cm 0pt;\">Le Conseil municipal autorise le Maire \u00e0 signer une convention avec l\u2019Ecole de Gestion et de Commerce de Franche-Comt\u00e9 de Vesoul pour la r\u00e9alisation d\u2019une \u00e9tude de faisabilit\u00e9 sur la cr\u00e9ation dans les locaux du ch\u00e2teau d\u2019un service d\u2019accueil de manifestations, s\u00e9minaires ou formation.\u00a0<\/p>\n<p style=\"margin: 0cm 0cm 0pt;\"><strong>Calendrier du Plan Local d\u2019Urbanisme<\/strong><\/p>\n<p style=\"margin: 0cm 0cm 0pt;\">La Communaut\u00e9 de commune des Monts de Gy a engag\u00e9 le diagnostic territorial qui se terminera en avril 2010. Le projet d\u2019am\u00e9nagement et de d\u00e9veloppement durable sera \u00e9labor\u00e9 d\u2019avril \u00e0 octobre 2010. Le zonage et le r\u00e8glement seront \u00e9tablis entre octobre 2010 et juillet 2011. Enfin, la phase d\u2019approbation se d\u00e9roulera de septembre 2011 \u00e0 janvier 2012. Le conseil municipal et les habitants seront concert\u00e9s au fur et \u00e0 mesure de l\u2019\u00e9laboration du PLU.\u00a0<\/p>\n<p style=\"margin: 0cm 0cm 0pt;\"><strong>Avenir du b\u00e2timent de l\u2019ancienne mairie<\/strong><\/p>\n<p style=\"margin: 0cm 0cm 0pt;\">Les r\u00e9flexions sont engag\u00e9es en perspective du budget 2010.\u00a0<\/p>\n<p style=\"margin: 0cm 0cm 0pt;\"><strong>Point sur les locaux pour l\u2019agent communal et les pompiers<\/strong><\/p>\n<p style=\"margin: 0cm 0cm 0pt;\">Un devis a \u00e9t\u00e9 demand\u00e9 \u00e0 une entreprise sp\u00e9cialis\u00e9e dans la construction des b\u00e2timents en bois.\u00a0<\/p>\n<p style=\"margin: 0cm 0cm 0pt;\"><strong>Formation pour l\u2019utilisation du d\u00e9fibrillateur<\/strong><\/p>\n<p style=\"margin: 0cm 0cm 0pt;\">L\u2019IMP a mis \u00e0 la disposition de la commune un d\u00e9fibrillateur. Les personnes int\u00e9ress\u00e9es peuvent b\u00e9n\u00e9ficier d\u2019une formation \u00e0 son utilisation. Un appel sera lanc\u00e9 dans la lettre d\u2019information municipale.\u00a0<\/p>\n<p style=\"margin: 0cm 0cm 0pt;\"><strong>Location de la salle de la mairie<\/strong><\/p>\n<p style=\"margin: 0cm 0cm 0pt;\">La salle pourra \u00eatre lou\u00e9e \u00e0 des habitants du village pour des manifestations priv\u00e9es au tarif de 100 \u20ac avec une caution de 500 \u20ac. Le principe de la gratuit\u00e9 est adopt\u00e9 pour les associations du village.<\/p>\n<p style=\"margin: 0cm 0cm 0pt;\">\u00a0<\/p>\n","protected":false},"excerpt":{"rendered":"<p>Avenir des \u00e9coles suite aux r\u00e9flexions men\u00e9es par la communaut\u00e9 de communes des Monts de Gy Le Maire de Gy et le Maire de Charcenne ont \u00e9t\u00e9 invit\u00e9s pour \u00e9voquer les projets d\u00e9battus dans le cadre de la communaut\u00e9 de &hellip; <a href=\"http:\/\/www.choye.fr\/?p=1465\">Continuer la lecture <span class=\"meta-nav\">&rarr;<\/span><\/a><\/p>\n","protected":false},"author":258,"featured_media":0,"comment_status":"open","ping_status":"open","sticky":false,"template":"","format":"standard","meta":{"ngg_post_thumbnail":0},"categories":[12],"tags":[],"post_mailing_queue_ids":[],"_links":{"self":[{"href":"http:\/\/www.choye.fr\/index.php?rest_route=\/wp\/v2\/posts\/1465"}],"collection":[{"href":"http:\/\/www.choye.fr\/index.php?rest_route=\/wp\/v2\/posts"}],"about":[{"href":"http:\/\/www.choye.fr\/index.php?rest_route=\/wp\/v2\/types\/post"}],"author":[{"embeddable":true,"href":"http:\/\/www.choye.fr\/index.php?rest_route=\/wp\/v2\/users\/258"}],"replies":[{"embeddable":true,"href":"http:\/\/www.choye.fr\/index.php?rest_route=%2Fwp%2Fv2%2Fcomments&post=1465"}],"version-history":[{"count":9,"href":"http:\/\/www.choye.fr\/index.php?rest_route=\/wp\/v2\/posts\/1465\/revisions"}],"predecessor-version":[{"id":1504,"href":"http:\/\/www.choye.fr\/index.php?rest_route=\/wp\/v2\/posts\/1465\/revisions\/1504"}],"wp:attachment":[{"href":"http:\/\/www.choye.fr\/index.php?rest_route=%2Fwp%2Fv2%2Fmedia&parent=1465"}],"wp:term":[{"taxonomy":"category","embeddable":true,"href":"http:\/\/www.choye.fr\/index.php?rest_route=%2Fwp%2Fv2%2Fcategories&post=1465"},{"taxonomy":"post_tag","embeddable":true,"href":"http:\/\/www.choye.fr\/index.php?rest_route=%2Fwp%2Fv2%2Ftags&post=1465"}],"curies":[{"name":"wp","href":"https:\/\/api.w.org\/{rel}","templated":true}]}}