{"id":1402,"date":"2009-12-20T18:06:11","date_gmt":"2009-12-20T17:06:11","guid":{"rendered":"http:\/\/www.choye.fr\/?p=1402"},"modified":"2009-12-25T20:17:27","modified_gmt":"2009-12-25T19:17:27","slug":"la-mairie-a-demenage","status":"publish","type":"post","link":"http:\/\/www.choye.fr\/?p=1402","title":{"rendered":"La mairie a d\u00e9m\u00e9nag\u00e9"},"content":{"rendered":"<p style=\"text-align: justify;\"><a href=\"http:\/\/www.choye.fr\/wp-content\/uploads\/2009\/12\/mairie-entree.jpg\"><\/a><a href=\"http:\/\/www.choye.fr\/wp-content\/uploads\/2009\/12\/mairie-nouvelle.jpg\"><\/a><a href=\"http:\/\/www.choye.fr\/wp-content\/uploads\/2009\/12\/mairie-nouvelle-2.jpg\"><img decoding=\"async\" loading=\"lazy\" class=\"alignleft size-thumbnail wp-image-1419\" title=\"mairie-nouvelle-2\" src=\"http:\/\/www.choye.fr\/wp-content\/uploads\/2009\/12\/mairie-nouvelle-2-120x90.jpg\" alt=\"\" width=\"120\" height=\"90\" \/><\/a>La Mairie a d\u00e9m\u00e9nag\u00e9 ce dimanche apr\u00e8s-midi dans le nouveau b\u00e2timent dont les travaux int\u00e9rieurs sont termin\u00e9s. Ce d\u00e9m\u00e9nagement s&rsquo;est effectu\u00e9 dans la bonne humeur et sous\u00a0la neige gr\u00e2ce \u00e0 une \u00e9quipe de b\u00e9n\u00e9voles : Roger Burgy, R\u00e9my Charbonnet, Fanny Chassain,\u00a0Guy Chevanne, Jo\u00ebl Marcel et\u00a0Hubert Petitjean. Elle sera d\u00e9sormais accessible de plain pied depuis la Place de Coligny.<\/p>\n","protected":false},"excerpt":{"rendered":"<p>La Mairie a d\u00e9m\u00e9nag\u00e9 ce dimanche apr\u00e8s-midi dans le nouveau b\u00e2timent dont les travaux int\u00e9rieurs sont termin\u00e9s. Ce d\u00e9m\u00e9nagement s&rsquo;est effectu\u00e9 dans la bonne humeur et sous\u00a0la neige gr\u00e2ce \u00e0 une \u00e9quipe de b\u00e9n\u00e9voles : Roger Burgy, R\u00e9my Charbonnet, Fanny &hellip; <a href=\"http:\/\/www.choye.fr\/?p=1402\">Continuer la lecture <span class=\"meta-nav\">&rarr;<\/span><\/a><\/p>\n","protected":false},"author":258,"featured_media":0,"comment_status":"open","ping_status":"open","sticky":false,"template":"","format":"standard","meta":{"ngg_post_thumbnail":0},"categories":[11,12],"tags":[],"post_mailing_queue_ids":[],"_links":{"self":[{"href":"http:\/\/www.choye.fr\/index.php?rest_route=\/wp\/v2\/posts\/1402"}],"collection":[{"href":"http:\/\/www.choye.fr\/index.php?rest_route=\/wp\/v2\/posts"}],"about":[{"href":"http:\/\/www.choye.fr\/index.php?rest_route=\/wp\/v2\/types\/post"}],"author":[{"embeddable":true,"href":"http:\/\/www.choye.fr\/index.php?rest_route=\/wp\/v2\/users\/258"}],"replies":[{"embeddable":true,"href":"http:\/\/www.choye.fr\/index.php?rest_route=%2Fwp%2Fv2%2Fcomments&post=1402"}],"version-history":[{"count":4,"href":"http:\/\/www.choye.fr\/index.php?rest_route=\/wp\/v2\/posts\/1402\/revisions"}],"predecessor-version":[{"id":1420,"href":"http:\/\/www.choye.fr\/index.php?rest_route=\/wp\/v2\/posts\/1402\/revisions\/1420"}],"wp:attachment":[{"href":"http:\/\/www.choye.fr\/index.php?rest_route=%2Fwp%2Fv2%2Fmedia&parent=1402"}],"wp:term":[{"taxonomy":"category","embeddable":true,"href":"http:\/\/www.choye.fr\/index.php?rest_route=%2Fwp%2Fv2%2Fcategories&post=1402"},{"taxonomy":"post_tag","embeddable":true,"href":"http:\/\/www.choye.fr\/index.php?rest_route=%2Fwp%2Fv2%2Ftags&post=1402"}],"curies":[{"name":"wp","href":"https:\/\/api.w.org\/{rel}","templated":true}]}}