{"id":14,"date":"2008-05-21T14:23:45","date_gmt":"2008-05-21T13:23:45","guid":{"rendered":"http:\/\/tsaillard.free.fr\/wordpress\/?p=12"},"modified":"2008-05-21T14:23:45","modified_gmt":"2008-05-21T13:23:45","slug":"table-dhote-a-choye","status":"publish","type":"post","link":"http:\/\/www.choye.fr\/?p=14","title":{"rendered":"table d&rsquo;h\u00f4te \u00e0 Choye"},"content":{"rendered":"<p><a href=\"http:\/\/www.choye.fr\/wp-content\/uploads\/2008\/05\/8310.jpg\" title=\"vielle giardet\"><img decoding=\"async\" loading=\"lazy\" src=\"http:\/\/www.choye.fr\/wp-content\/uploads\/2008\/05\/8310.thumbnail.jpg\" alt=\"vielle giardet\" align=\"left\" border=\"0\" height=\"83\" width=\"128\" \/><\/a><span class=\"textenormal\">Chez <strong>Vieille-Girardet<\/strong> \u00ab\u00a0Chambres d&rsquo;h\u00f4tes\u00a0\u00bb, dans une ancienne ferme de caract\u00e8re du XVII\u00e8me (1627), terrain clos et ombrag\u00e9, chevaux. Table d&rsquo;h\u00f4tes (sur r\u00e9servation) avec cuisine familiale de terroir.<\/span><!--more--><\/p>\n<p><span class=\"textenormal\">Le village est nich\u00e9 au fond d&rsquo;une vall\u00e9e o\u00f9 coule un ruisseau, la <strong>Colombine<\/strong>. On retrouve les origines de Choye au Moyen \u00c2ge, un ch\u00e2teau fort appartenant au <strong>Comte de Bourgogne<\/strong> s&rsquo;y \u00e9levait alors. L&rsquo;\u00e9glise fut reconstruite dans la 2\u00e8me moiti\u00e9 du 18\u00e8me. Le ch\u00e2teau actuel, ancienne propri\u00e9t\u00e9 de la famille de <strong>Coligny<\/strong>, abrite un <strong>Institut M\u00e9dico P\u00e9dagogique<\/strong>. Il fut con\u00e7u par l&rsquo;architecte <strong>Nicolas Nicole<\/strong> et achev\u00e9 vers 1772. Un \u00e9tang de p\u00eache, proche du stade, agr\u00e9mente le cadre de vie des villageois.<\/span><\/p>\n<p><span class=\"textenormal\">Le circuit VTT des 60 km passe sur le territoire de la commune. Un parcours d\u2019orientation a vu le jour au printemps dans la for\u00eat communale. Un skate-parc va \u00eatre inaugur\u00e9 au d\u00e9but de l\u2019\u00e9t\u00e9.<br \/>\n<font color=\"red\">Fontaines et  lavoirs<\/font> :<br \/>\nDeux fontaines lavoirs, m\u00e9ritent un d\u00e9tour. L\u2019une date de 1850, r\u00e9nov\u00e9e en 1997, se trouve \u00e0 l\u2019int\u00e9rieur du village, l\u2019autre \u00e0 l\u2019ext\u00e9rieur (vers l\u2019\u00e9tang). L\u2019une est rectangulaire avec un canal d\u2019arriv\u00e9e d\u2019eau, l\u2019autre est carr\u00e9e aliment\u00e9e par une source naturelle.<\/span><\/p>\n<p><span class=\"textenormal\">Adresse: 3, rue Montante &#8211; 70700 CHOYE- T\u00e9l : 03 84 32 86 85 <\/span><\/p>\n","protected":false},"excerpt":{"rendered":"<p>Chez Vieille-Girardet \u00ab\u00a0Chambres d&rsquo;h\u00f4tes\u00a0\u00bb, dans une ancienne ferme de caract\u00e8re du XVII\u00e8me (1627), terrain clos et ombrag\u00e9, chevaux. Table d&rsquo;h\u00f4tes (sur r\u00e9servation) avec cuisine familiale de terroir.<\/p>\n","protected":false},"author":1,"featured_media":0,"comment_status":"open","ping_status":"open","sticky":false,"template":"","format":"standard","meta":{"ngg_post_thumbnail":0},"categories":[4],"tags":[14,16,17,37],"post_mailing_queue_ids":[],"_links":{"self":[{"href":"http:\/\/www.choye.fr\/index.php?rest_route=\/wp\/v2\/posts\/14"}],"collection":[{"href":"http:\/\/www.choye.fr\/index.php?rest_route=\/wp\/v2\/posts"}],"about":[{"href":"http:\/\/www.choye.fr\/index.php?rest_route=\/wp\/v2\/types\/post"}],"author":[{"embeddable":true,"href":"http:\/\/www.choye.fr\/index.php?rest_route=\/wp\/v2\/users\/1"}],"replies":[{"embeddable":true,"href":"http:\/\/www.choye.fr\/index.php?rest_route=%2Fwp%2Fv2%2Fcomments&post=14"}],"version-history":[{"count":2,"href":"http:\/\/www.choye.fr\/index.php?rest_route=\/wp\/v2\/posts\/14\/revisions"}],"predecessor-version":[{"id":44,"href":"http:\/\/www.choye.fr\/index.php?rest_route=\/wp\/v2\/posts\/14\/revisions\/44"}],"wp:attachment":[{"href":"http:\/\/www.choye.fr\/index.php?rest_route=%2Fwp%2Fv2%2Fmedia&parent=14"}],"wp:term":[{"taxonomy":"category","embeddable":true,"href":"http:\/\/www.choye.fr\/index.php?rest_route=%2Fwp%2Fv2%2Fcategories&post=14"},{"taxonomy":"post_tag","embeddable":true,"href":"http:\/\/www.choye.fr\/index.php?rest_route=%2Fwp%2Fv2%2Ftags&post=14"}],"curies":[{"name":"wp","href":"https:\/\/api.w.org\/{rel}","templated":true}]}}