{"id":1372,"date":"2010-02-18T19:47:00","date_gmt":"2010-02-18T18:47:00","guid":{"rendered":"http:\/\/www.choye.fr\/?p=1372"},"modified":"2010-02-21T17:19:15","modified_gmt":"2010-02-21T16:19:15","slug":"visite-du-general-de-gaulle","status":"publish","type":"post","link":"http:\/\/www.choye.fr\/?p=1372","title":{"rendered":"Visite du G\u00e9n\u00e9ral de Gaulle"},"content":{"rendered":"<p style=\"text-align: left; margin: 0cm 0cm 0pt;\"><a href=\"http:\/\/www.choye.fr\/wp-content\/uploads\/2009\/12\/img_00031-copie.jpg\"><img decoding=\"async\" loading=\"lazy\" class=\"alignleft size-thumbnail wp-image-1375\" title=\"img_00031-copie\" src=\"http:\/\/www.choye.fr\/wp-content\/uploads\/2009\/12\/img_00031-copie-120x90.jpg\" alt=\"\" width=\"120\" height=\"90\" \/><\/a>Un moment important dans l\u2019histoire de Choye avec la visite<\/p>\n<p style=\"text-align: left; margin: 0cm 0cm 0pt;\"><a href=\"http:\/\/www.choye.fr\/wp-content\/uploads\/2009\/12\/img_00041-copie1.jpg\"><img decoding=\"async\" loading=\"lazy\" class=\"alignright size-thumbnail wp-image-1377\" title=\"img_00041-copie1\" src=\"http:\/\/www.choye.fr\/wp-content\/uploads\/2009\/12\/img_00041-copie1-120x90.jpg\" alt=\"\" width=\"120\" height=\"90\" \/><\/a>du Pr\u00e9sident de la R\u00e9publique \u00e0 Choye. Le G\u00e9n\u00e9ral de Gaulle a fait une halte \u00e0 Choye devant la mairie o\u00f9 il a \u00e9t\u00e9 accueilli par le Maire, le conseil municipal et de nombreux habitants.\u00a0\u00a0\u00a0\u00a0\u00a0\u00a0\u00a0\u00a0\u00a0<\/p>\n<p style=\"margin: 0cm 0cm 0pt;\">Cette visite a \u00e9t\u00e9 effectu\u00e9e le 15 juin 1962, le Pr\u00e9sident s\u2019est vu remettre un bouquet par Monique L\u00e9pinois et deux autres fillettes. Vous avez reconnus sur\u00a0les photos\u00a0: Andr\u00e9 Guerrin, Gilbert Seguin, Gilbert Comte, pierre Bonnaventure, Louis Sauvageot, le Maire Jean Charbonnet, R\u00e9my Charbonnet, Ren\u00e9 Javey, Ren\u00e9 Leboeuf, Louis Fournier et Henri Seguin.<\/p>\n<p style=\"text-align: justify; margin: 0cm 0cm 0pt;\"><a href=\"http:\/\/www.choye.fr\/wp-content\/uploads\/2009\/12\/img_00021-copie.jpg\"><img decoding=\"async\" loading=\"lazy\" class=\"alignleft size-thumbnail wp-image-1378\" title=\"img_00021-copie\" src=\"http:\/\/www.choye.fr\/wp-content\/uploads\/2009\/12\/img_00021-copie-120x90.jpg\" alt=\"\" width=\"120\" height=\"90\" \/><\/a><a href=\"http:\/\/www.choye.fr\/wp-content\/uploads\/2009\/12\/img_00011-copie.jpg\"><img decoding=\"async\" loading=\"lazy\" class=\"alignright size-thumbnail wp-image-1379\" title=\"img_00011-copie\" src=\"http:\/\/www.choye.fr\/wp-content\/uploads\/2009\/12\/img_00011-copie-120x90.jpg\" alt=\"\" width=\"120\" height=\"90\" \/><\/a><\/p>\n","protected":false},"excerpt":{"rendered":"<p>Un moment important dans l\u2019histoire de Choye avec la visite du Pr\u00e9sident de la R\u00e9publique \u00e0 Choye. Le G\u00e9n\u00e9ral de Gaulle a fait une halte \u00e0 Choye devant la mairie o\u00f9 il a \u00e9t\u00e9 accueilli par le Maire, le conseil &hellip; <a href=\"http:\/\/www.choye.fr\/?p=1372\">Continuer la lecture <span class=\"meta-nav\">&rarr;<\/span><\/a><\/p>\n","protected":false},"author":258,"featured_media":0,"comment_status":"open","ping_status":"open","sticky":false,"template":"","format":"standard","meta":{"ngg_post_thumbnail":0},"categories":[11],"tags":[],"post_mailing_queue_ids":[],"_links":{"self":[{"href":"http:\/\/www.choye.fr\/index.php?rest_route=\/wp\/v2\/posts\/1372"}],"collection":[{"href":"http:\/\/www.choye.fr\/index.php?rest_route=\/wp\/v2\/posts"}],"about":[{"href":"http:\/\/www.choye.fr\/index.php?rest_route=\/wp\/v2\/types\/post"}],"author":[{"embeddable":true,"href":"http:\/\/www.choye.fr\/index.php?rest_route=\/wp\/v2\/users\/258"}],"replies":[{"embeddable":true,"href":"http:\/\/www.choye.fr\/index.php?rest_route=%2Fwp%2Fv2%2Fcomments&post=1372"}],"version-history":[{"count":8,"href":"http:\/\/www.choye.fr\/index.php?rest_route=\/wp\/v2\/posts\/1372\/revisions"}],"predecessor-version":[{"id":1539,"href":"http:\/\/www.choye.fr\/index.php?rest_route=\/wp\/v2\/posts\/1372\/revisions\/1539"}],"wp:attachment":[{"href":"http:\/\/www.choye.fr\/index.php?rest_route=%2Fwp%2Fv2%2Fmedia&parent=1372"}],"wp:term":[{"taxonomy":"category","embeddable":true,"href":"http:\/\/www.choye.fr\/index.php?rest_route=%2Fwp%2Fv2%2Fcategories&post=1372"},{"taxonomy":"post_tag","embeddable":true,"href":"http:\/\/www.choye.fr\/index.php?rest_route=%2Fwp%2Fv2%2Ftags&post=1372"}],"curies":[{"name":"wp","href":"https:\/\/api.w.org\/{rel}","templated":true}]}}