{"id":1340,"date":"2009-11-28T23:00:32","date_gmt":"2009-11-28T22:00:32","guid":{"rendered":"http:\/\/www.choye.fr\/?p=1340"},"modified":"2009-11-29T23:33:36","modified_gmt":"2009-11-29T22:33:36","slug":"creche-de-noel","status":"publish","type":"post","link":"http:\/\/www.choye.fr\/?p=1340","title":{"rendered":"Cr\u00eache de No\u00ebl"},"content":{"rendered":"<p style=\"text-align: justify;\"><a href=\"http:\/\/www.choye.fr\/wp-content\/uploads\/2009\/11\/pb270023-copie.jpg\"><img decoding=\"async\" loading=\"lazy\" class=\"alignleft size-thumbnail wp-image-1339\" title=\"pb270023-copie\" src=\"http:\/\/www.choye.fr\/wp-content\/uploads\/2009\/11\/pb270023-copie-120x90.jpg\" alt=\"\" width=\"120\" height=\"90\" srcset=\"http:\/\/www.choye.fr\/wp-content\/uploads\/2009\/11\/pb270023-copie-120x90.jpg 120w, http:\/\/www.choye.fr\/wp-content\/uploads\/2009\/11\/pb270023-copie-300x225.jpg 300w, http:\/\/www.choye.fr\/wp-content\/uploads\/2009\/11\/pb270023-copie.jpg 448w\" sizes=\"(max-width: 120px) 100vw, 120px\" \/><\/a>La cr\u00eache de No\u00ebl a\u00a0 fait son retour au pied du chemin de l&rsquo;Eglise gr\u00e2ce aux bons soins de Guy Pinelle, et, de Pascale et Philippe Garnier aid\u00e9s par leur famille. Toujours aussi lumineuse et musicale. Il ne manque que l&rsquo;enfant J\u00e9sus attendu pour le 24 d\u00e9cembre \u00e0 minuit tr\u00e8s pr\u00e9cis\u00e9ment. Bravo.<\/p>\n","protected":false},"excerpt":{"rendered":"<p>La cr\u00eache de No\u00ebl a\u00a0 fait son retour au pied du chemin de l&rsquo;Eglise gr\u00e2ce aux bons soins de Guy Pinelle, et, de Pascale et Philippe Garnier aid\u00e9s par leur famille. Toujours aussi lumineuse et musicale. Il ne manque que &hellip; <a href=\"http:\/\/www.choye.fr\/?p=1340\">Continuer la lecture <span class=\"meta-nav\">&rarr;<\/span><\/a><\/p>\n","protected":false},"author":258,"featured_media":0,"comment_status":"open","ping_status":"open","sticky":false,"template":"","format":"standard","meta":{"ngg_post_thumbnail":0},"categories":[11],"tags":[],"post_mailing_queue_ids":[],"_links":{"self":[{"href":"http:\/\/www.choye.fr\/index.php?rest_route=\/wp\/v2\/posts\/1340"}],"collection":[{"href":"http:\/\/www.choye.fr\/index.php?rest_route=\/wp\/v2\/posts"}],"about":[{"href":"http:\/\/www.choye.fr\/index.php?rest_route=\/wp\/v2\/types\/post"}],"author":[{"embeddable":true,"href":"http:\/\/www.choye.fr\/index.php?rest_route=\/wp\/v2\/users\/258"}],"replies":[{"embeddable":true,"href":"http:\/\/www.choye.fr\/index.php?rest_route=%2Fwp%2Fv2%2Fcomments&post=1340"}],"version-history":[{"count":1,"href":"http:\/\/www.choye.fr\/index.php?rest_route=\/wp\/v2\/posts\/1340\/revisions"}],"predecessor-version":[{"id":1341,"href":"http:\/\/www.choye.fr\/index.php?rest_route=\/wp\/v2\/posts\/1340\/revisions\/1341"}],"wp:attachment":[{"href":"http:\/\/www.choye.fr\/index.php?rest_route=%2Fwp%2Fv2%2Fmedia&parent=1340"}],"wp:term":[{"taxonomy":"category","embeddable":true,"href":"http:\/\/www.choye.fr\/index.php?rest_route=%2Fwp%2Fv2%2Fcategories&post=1340"},{"taxonomy":"post_tag","embeddable":true,"href":"http:\/\/www.choye.fr\/index.php?rest_route=%2Fwp%2Fv2%2Ftags&post=1340"}],"curies":[{"name":"wp","href":"https:\/\/api.w.org\/{rel}","templated":true}]}}